{"id":14391,"date":"2023-08-09T18:15:34","date_gmt":"2023-08-09T21:15:34","guid":{"rendered":"https:\/\/hostnetart.com.br\/baixada\/fetraf-rj-es-e-contraf-cut-realizam-curso-de-formacao-sindical\/"},"modified":"2023-08-09T18:15:34","modified_gmt":"2023-08-09T21:15:34","slug":"fetraf-rj-es-e-contraf-cut-realizam-curso-de-formacao-sindical","status":"publish","type":"post","link":"https:\/\/hostnetart.com.br\/baixada\/fetraf-rj-es-e-contraf-cut-realizam-curso-de-formacao-sindical\/","title":{"rendered":"Fetraf RJ\/ES e Contraf-CUT realizam Curso de Forma\u00e7\u00e3o Sindical"},"content":{"rendered":"<p>A Secretaria de Forma\u00e7\u00e3o da Federa\u00e7\u00e3o dos Trabalhadores do Ramo Financeiro dos Estados do Rio de Janeiro e Esp\u00edrito Santo (Fetraf RJ\/ES) junto com Secretaria de Forma\u00e7\u00e3o da Confedera\u00e7\u00e3o Nacional dos Trabalhadores do Ramo Financeiro (Contraf-CUT), entidades que o Sindicato dos Banc\u00e1rios da Baixada Fluminense \u00e9 filiado, ir\u00e3o realizar o Curso de Forma\u00e7\u00e3o Sindical: Introdu\u00e7\u00e3o \u00e0 Hist\u00f3ria do Movimento Sindical e as Ferramentas de Luta \u2013 M\u00f3dulo I.<\/p>\n<p>O curso acontece nos dias 15 e 16 de Setembro, no Audit\u00f3rio da Fetraf RJ\/ES (Avenida Gra\u00e7a Aranha, 19\/901 \u2013 Centro \u2013 Rio de Janeiro\/RJ).<\/p>\n<p>No dia 15\/9, sexta-feira, das 9 horas \u00e0s 18 horas.<\/p>\n<p>J\u00e1 no s\u00e1bado, 16\/9, das 9 horas \u00e0s 11 horas.<\/p>\n<p>QUEM PODE PARTICIPAR<\/p>\n<p>O curso \u00e9 direcionado aos dirigentes sindicais da base da Fetraf RJ\/ES, preferencialmente novos e novas dirigentes, ou que ainda n\u00e3o participaram de atividades formativas.<\/p>\n<p>Importante: As despesas com hospedagem, alimenta\u00e7\u00e3o e transporte, ficar\u00e1 por conta dos Sindicatos.<\/p>\n<p>INSCRI\u00c7\u00d5ES<\/p>\n<p>As inscri\u00e7\u00f5es v\u00e3o at\u00e9 as 14 horas do dia 31 de agosto (quinta-feira), atrav\u00e9s do link: <a href=\"https:\/\/fetrafrjes.org.br\/curso-formacao-sindical\/\">https:\/\/fetrafrjes.org.br\/curso-formacao-sindical\/<\/a><\/p>\n<p>Para maiores informa\u00e7\u00f5es ou d\u00favidas, os interessados devem entrar em contato com Elizabeth Paradela (Diretora da Fetraf RJ\/ES), atrav\u00e9s do Telefone\/WhatsApp: <a href=\"tel:(21) 97985-0053\">(21) 97985-0053<\/a>.<\/p>\n<p>O CURSO<\/p>\n<p>A metodologia adotada no curso tem como base os estudos de Paulo Freire e Lev Vygotsky e tem como percurso a constru\u00e7\u00e3o do conte\u00fado realizada de forma interativa a partir da media\u00e7\u00e3o do formador com a utiliza\u00e7\u00e3o de diferentes estrat\u00e9gias educativas a partir de debates direcionados, textos, v\u00eddeos, informa\u00e7\u00f5es e depoimentos orais, com a participa\u00e7\u00e3o ativa dos dirigentes inscritos no curso.<\/p>\n<p><b>Fonte: Fetraf RJ\/ES<\/b><\/p>\n","protected":false},"excerpt":{"rendered":"<p>A Secretaria de Forma\u00e7\u00e3o da Federa\u00e7\u00e3o dos Trabalhadores do Ramo Financeiro dos Estados do Rio de Janeiro e Esp\u00edrito Santo (Fetraf RJ\/ES) junto com Secretaria de Forma\u00e7\u00e3o da Confedera\u00e7\u00e3o Nacional dos Trabalhadores do Ramo Financeiro (Contraf-CUT), entidades que o Sindicato dos Banc\u00e1rios da Baixada Fluminense \u00e9 filiado, ir\u00e3o realizar o Curso de Forma\u00e7\u00e3o Sindical: Introdu\u00e7\u00e3o [&hellip;]<\/p>\n","protected":false},"author":2,"featured_media":14390,"comment_status":"","ping_status":"","sticky":false,"template":"","format":"standard","meta":{"footnotes":""},"categories":[3],"tags":[],"class_list":["post-14391","post","type-post","status-publish","format-standard","has-post-thumbnail","hentry","category-noticias"],"_links":{"self":[{"href":"https:\/\/hostnetart.com.br\/baixada\/wp-json\/wp\/v2\/posts\/14391","targetHints":{"allow":["GET"]}}],"collection":[{"href":"https:\/\/hostnetart.com.br\/baixada\/wp-json\/wp\/v2\/posts"}],"about":[{"href":"https:\/\/hostnetart.com.br\/baixada\/wp-json\/wp\/v2\/types\/post"}],"author":[{"embeddable":true,"href":"https:\/\/hostnetart.com.br\/baixada\/wp-json\/wp\/v2\/users\/2"}],"replies":[{"embeddable":true,"href":"https:\/\/hostnetart.com.br\/baixada\/wp-json\/wp\/v2\/comments?post=14391"}],"version-history":[{"count":0,"href":"https:\/\/hostnetart.com.br\/baixada\/wp-json\/wp\/v2\/posts\/14391\/revisions"}],"wp:featuredmedia":[{"embeddable":true,"href":"https:\/\/hostnetart.com.br\/baixada\/wp-json\/wp\/v2\/media\/14390"}],"wp:attachment":[{"href":"https:\/\/hostnetart.com.br\/baixada\/wp-json\/wp\/v2\/media?parent=14391"}],"wp:term":[{"taxonomy":"category","embeddable":true,"href":"https:\/\/hostnetart.com.br\/baixada\/wp-json\/wp\/v2\/categories?post=14391"},{"taxonomy":"post_tag","embeddable":true,"href":"https:\/\/hostnetart.com.br\/baixada\/wp-json\/wp\/v2\/tags?post=14391"}],"curies":[{"name":"wp","href":"https:\/\/api.w.org\/{rel}","templated":true}]}}