{"id":1439,"date":"2013-08-29T00:00:00","date_gmt":"2013-08-29T03:00:00","guid":{"rendered":"https:\/\/hostnetart.com.br\/baixada\/bancos-seguem-intransigentes-e-dizem-que-farao-proposta-global-dia-5\/"},"modified":"2013-08-29T00:00:00","modified_gmt":"2013-08-29T03:00:00","slug":"bancos-seguem-intransigentes-e-dizem-que-farao-proposta-global-dia-5","status":"publish","type":"post","link":"https:\/\/hostnetart.com.br\/baixada\/bancos-seguem-intransigentes-e-dizem-que-farao-proposta-global-dia-5\/","title":{"rendered":"Bancos seguem intransigentes e dizem que far\u00e3o \u2018proposta global\u2019 dia 5"},"content":{"rendered":"<p>Os bancos mais uma vez se abstiveram de apresentar qualquer proposta ao Comando Nacional dos Banc\u00e1rios nesta ter\u00e7a-feira 27, em S\u00e3o Paulo, no encerramento da terceira rodada de negocia\u00e7\u00f5es da Campanha 2013, dedicada ao tema remunera\u00e7\u00e3o. Mas anunciaram que apresentar\u00e3o uma \u201cproposta global\u201d para a pauta geral de reivindica\u00e7\u00f5es dos banc\u00e1rios na pr\u00f3xima rodada de negocia\u00e7\u00f5es, na dia 5 de setembro, \u00e0s 14h.<\/p>\n<p>\u00a0<\/p>\n<p>\u201cQueremos que na pr\u00f3xima negocia\u00e7\u00e3o os bancos tragam propostas sobre os tr\u00eas blocos de negocia\u00e7\u00e3o, com solu\u00e7\u00f5es para as quest\u00f5es de sa\u00fade, condi\u00e7\u00f5es de trabalho, seguran\u00e7a, emprego, igualdade de oportunidades e remunera\u00e7\u00e3o\u201d, afirma Carlos Cordeiro, presidente da Contraf-CUT e coordenador do Comando Nacional dos Banc\u00e1rios.<\/p>\n<p>\u00a0<\/p>\n<p>\u201cMas como acontece todos os anos, sabemos que os banqueiros s\u00f3 se movem sob press\u00e3o. Por isso \u00e9 imprescind\u00edvel que as entidades sindicais intensifiquem a discuss\u00e3o nos locais de trabalho e a mobiliza\u00e7\u00e3o da categoria, n\u00e3o apenas para a Campanha Nacional, mas tamb\u00e9m para as manifesta\u00e7\u00f5es convocadas pelas centrais no dia 30 e para a vota\u00e7\u00e3o do PL 4330 na CCJC da C\u00e2mara dos Deputados nos dias 3 e 4 de setembro em Bras\u00edlia\u201d, alerta Cordeiro.<\/p>\n<p>\u00a0<\/p>\n<p>No segundo dia de negocia\u00e7\u00e3o sobre remunera\u00e7\u00e3o, o Comando e a Fenaban discutiram nesta ter\u00e7a-feira PLR e os aux\u00edlios refei\u00e7\u00e3o, creche, cesta-alimenta\u00e7\u00e3o e educacional, dentre outras demandas.<\/p>\n<p>\u00a0<\/p>\n<p><a href=\"http:\/\/www.contrafcut.org.br\/noticias.asp?CodNoticia=35510\" target=\"_blank\" rel=\"noopener noreferrer\">Veja aqui<\/a>\u00a0como foi o primeiro dia de discuss\u00e3o da rodada sobre remunera\u00e7\u00e3o.<\/p>\n<p>\u00a0<\/p>\n<p>\u00a0<\/p>\n<p><strong>PLR<\/strong><\/p>\n<p>\u00a0<\/p>\n<p>A reivindica\u00e7\u00e3o dos banc\u00e1rios \u00e9 de PLR equivalente a tr\u00eas sal\u00e1rios mais valor fixo de R$ 5.553,12 e que n\u00e3o pode ser<br \/>compensado nos planos pr\u00f3prios de remunera\u00e7\u00e3o vari\u00e1vel.<\/p>\n<p>\u00a0<\/p>\n<p>O Comando argumentou que a cada ano diminui a massa salarial dos banc\u00e1rios e, como h\u00e1 falta de transpar\u00eancia nos balan\u00e7os dos bancos, a categoria quer mudar a regra de forma a torn\u00e1-la mais simples e f\u00e1cil de compreens\u00e3o.<\/p>\n<p>\u00a0<\/p>\n<p>Os dirigentes sindicais frisaram que os banc\u00e1rios querem maior percentual de distribui\u00e7\u00e3o da PLR, mais pr\u00f3ximo do tamanho do lucro das empresas, e eleva\u00e7\u00e3o dos tetos que limitam os valores a serem distribu\u00eddos. E cobraram dos bancos uma discuss\u00e3o s\u00e9ria sobre os PDDs, as provis\u00f5es para devedores duvidosos, cujos montantes os bancos v\u00eam aumentando sem justificativa t\u00e9cnica, o que diminui a PLR. Com essas provis\u00f5es, s\u00f3 os trabalhadores perdem.<\/p>\n<p>\u00a0<\/p>\n<p>Os representantes dos bancos descartaram a possibilidade de mudan\u00e7a de regra da PLR durante esta campanha nacional.<\/p>\n<p>\u00a0<\/p>\n<p>\u00a0<\/p>\n<p><strong>Aux\u00edlios-refei\u00e7\u00e3o, cesta-alimenta\u00e7\u00e3o e creche\/bab\u00e1<\/strong><\/p>\n<p>\u00a0<\/p>\n<p>A reivindica\u00e7\u00e3o dos banc\u00e1rios \u00e9 aumentar os aux\u00edlios-refei\u00e7\u00e3o, cesta-alimenta\u00e7\u00e3o, 13\u00aa cesta e aux\u00edlio creche\/bab\u00e1 para R$ 678,00, equivalente ao sal\u00e1rio m\u00ednimo nacional.<\/p>\n<p>\u00a0<\/p>\n<p>Os representantes da Fenaban afirmaram que nos \u00faltimos anos reajustaram os aux\u00edlios acima da infla\u00e7\u00e3o e descartaram a eleva\u00e7\u00e3o dos valores como querem os trabalhadores.<\/p>\n<p>\u00a0<\/p>\n<p>\u201cCobramos tamb\u00e9m a manuten\u00e7\u00e3o da cesta-alimenta\u00e7\u00e3o para os afastados por doen\u00e7a ou acidente de trabalho at\u00e9 a alta do INSS e do m\u00e9dico do trabalho\u201d, destaca Cordeiro. Hoje, o pagamento ocorre at\u00e9 180 dias de afastamento. \u201c\u00c9 inaceit\u00e1vel que os bancos economizem sobre banc\u00e1rios que adoeceram no trabalho\u201d, salienta.<\/p>\n<p>\u00a0<\/p>\n<p>Os negociadores da Fenaban ficaram de discutir o tema com os bancos.<\/p>\n<p>\u00a0<\/p>\n<p>\u00a0<\/p>\n<p><strong>Gratifica\u00e7\u00e3o semestral<\/strong><\/p>\n<p>\u00a0<\/p>\n<p>Os banc\u00e1rios reivindicam o pagamento de uma gratifica\u00e7\u00e3o semestral de 1,5 sal\u00e1rio para todos os trabalhadores nos meses de janeiro e julho. Alguns estados (RS, BA, PB e SE) e bancos em outros estados j\u00e1 pagam essa verba salarial h\u00e1 muitos anos, no valor de um sal\u00e1rio.<\/p>\n<p>\u00a0<\/p>\n<p>A Fenaban, por\u00e9m, negou a reivindica\u00e7\u00e3o, afirmando n\u00e3o haver sentido existir simultaneamente PLR e gratifica\u00e7\u00e3o semestral, deixando claro que quer acabar com essa verba. Os dirigentes sindicais rebateram, dizendo que se trata de uma forma de valoriza\u00e7\u00e3o do trabalho dos banc\u00e1rios.<\/p>\n<p>\u00a0<\/p>\n<p>\u00a0<\/p>\n<p><strong>Aux\u00edlio educacional<\/strong><\/p>\n<p>\u00a0<\/p>\n<p>O Comando reivindicou o pagamento de um aux\u00edlio educacional por todos os bancos, para empregados que estejam cursando ensino m\u00e9dio, gradua\u00e7\u00e3o e p\u00f3s-gradua\u00e7\u00e3o. V\u00e1rias institui\u00e7\u00f5es j\u00e1 concedem bolsas de estudo.<\/p>\n<p>\u00a0<\/p>\n<p>Os representantes da Fenaban negaram, alegando que o assunto deve ser discutido banco a banco. Os dirigentes sindicais insistiram na concess\u00e3o do aux\u00edlio, pois significa qualifica\u00e7\u00e3o da m\u00e3o de obra, favorecendo banc\u00e1rios e bancos.<\/p>\n<p>\u00a0<\/p>\n<p>\u00a0<\/p>\n<p><strong>Parcelamento de adiantamento de f\u00e9rias<\/strong><\/p>\n<p>\u00a0<\/p>\n<p>O que os banc\u00e1rios reivindicam \u00e9 que, por ocasi\u00e3o das f\u00e9rias, a devolu\u00e7\u00e3o do adiantamento feito pelo banco seja efetuada em at\u00e9 dez parcelas iguais e sucessivas, a partir do m\u00eas subsequente ao do cr\u00e9dito, sem acr\u00e9scimo de juros ou corre\u00e7\u00e3o de qualquer esp\u00e9cie. V\u00e1rios bancos j\u00e1 efetuam parcelamentos.<\/p>\n<p>\u00a0<\/p>\n<p>Os negociadores da Fenaban v\u00e3o levar a demanda aos bancos.<\/p>\n<p>\u00a0<\/p>\n<p>\u00a0<\/p>\n<p><strong>Previd\u00eancia complementar<\/strong><\/p>\n<p>\u00a0<\/p>\n<p>Os banc\u00e1rios reivindicam que todos os bancos instituam e patrocinem planos de previd\u00eancia complementar fechados para todos os trabalhadores, com o objetivo de garantir a complementa\u00e7\u00e3o de aposentadoria e pens\u00e3o por morte e invalidez. V\u00e1rios bancos j\u00e1 s\u00e3o patrocinadores de fundos para os seus funcion\u00e1rios.<\/p>\n<p>\u00a0<\/p>\n<p>Os representantes dos banqueiros, no entanto, disseram que esse \u00e9 um tema para discuss\u00e3o banco a banco, como acontece com os planos de sa\u00fade, n\u00e3o sendo pauta da Conven\u00e7\u00e3o Coletiva.<\/p>\n<p>\u00a0<\/p>\n<p>\u00a0<\/p>\n<p><strong>Calend\u00e1rio de luta<\/strong><\/p>\n<p>\u00a0<\/p>\n<p>\u00a0<\/p>\n<p><strong>Agosto<\/strong><\/p>\n<p><strong>28<\/strong>\u00a0&#8211; Dia do Banc\u00e1rio, com atos de comemora\u00e7\u00e3o e de mobiliza\u00e7\u00e3o<br \/><strong>29<\/strong>\u00a0&#8211; Terceira rodada de negocia\u00e7\u00e3o espec\u00edfica entre Comando e BB<br \/><strong>29<\/strong>\u00a0&#8211; Terceira rodada de negocia\u00e7\u00e3o espec\u00edfica entre Comando e Caixa<br \/><strong>30<\/strong>\u00a0&#8211; Dia Nacional de Mobiliza\u00e7\u00e3o e Paralisa\u00e7\u00e3o das centrais sindicais pela pauta da classe trabalhadora<\/p>\n<p>\u00a0<\/p>\n<p>\u00a0<\/p>\n<p><strong>Setembro<\/strong><\/p>\n<p><strong>3 e 4\u00a0<\/strong>&#8211; Mobiliza\u00e7\u00e3o em Bras\u00edlia para pressionar deputados contra PL 4330 na CCJC da C\u00e2mara<br \/><strong>5\u00a0<\/strong>&#8211; Quarta rodada de negocia\u00e7\u00e3o entre o Comando e a Fenaban<\/p>\n<p>\u00a0<br \/>Fonte: Contraf-CUT<\/p>\n","protected":false},"excerpt":{"rendered":"<p>Os bancos mais uma vez se abstiveram de apresentar qualquer proposta ao Comando Nacional dos Banc\u00e1rios nesta ter\u00e7a-feira 27, em S\u00e3o Paulo, no encerramento da terceira rodada de negocia\u00e7\u00f5es da Campanha 2013, dedicada ao tema remunera\u00e7\u00e3o. Mas anunciaram que apresentar\u00e3o uma \u201cproposta global\u201d para a pauta geral de reivindica\u00e7\u00f5es dos banc\u00e1rios na pr\u00f3xima rodada de [&hellip;]<\/p>\n","protected":false},"author":1,"featured_media":0,"comment_status":"","ping_status":"","sticky":false,"template":"","format":"standard","meta":{"footnotes":""},"categories":[3],"tags":[],"class_list":["post-1439","post","type-post","status-publish","format-standard","hentry","category-noticias"],"_links":{"self":[{"href":"https:\/\/hostnetart.com.br\/baixada\/wp-json\/wp\/v2\/posts\/1439","targetHints":{"allow":["GET"]}}],"collection":[{"href":"https:\/\/hostnetart.com.br\/baixada\/wp-json\/wp\/v2\/posts"}],"about":[{"href":"https:\/\/hostnetart.com.br\/baixada\/wp-json\/wp\/v2\/types\/post"}],"author":[{"embeddable":true,"href":"https:\/\/hostnetart.com.br\/baixada\/wp-json\/wp\/v2\/users\/1"}],"replies":[{"embeddable":true,"href":"https:\/\/hostnetart.com.br\/baixada\/wp-json\/wp\/v2\/comments?post=1439"}],"version-history":[{"count":0,"href":"https:\/\/hostnetart.com.br\/baixada\/wp-json\/wp\/v2\/posts\/1439\/revisions"}],"wp:attachment":[{"href":"https:\/\/hostnetart.com.br\/baixada\/wp-json\/wp\/v2\/media?parent=1439"}],"wp:term":[{"taxonomy":"category","embeddable":true,"href":"https:\/\/hostnetart.com.br\/baixada\/wp-json\/wp\/v2\/categories?post=1439"},{"taxonomy":"post_tag","embeddable":true,"href":"https:\/\/hostnetart.com.br\/baixada\/wp-json\/wp\/v2\/tags?post=1439"}],"curies":[{"name":"wp","href":"https:\/\/api.w.org\/{rel}","templated":true}]}}