{"id":14375,"date":"2023-08-04T13:06:11","date_gmt":"2023-08-04T16:06:11","guid":{"rendered":"https:\/\/hostnetart.com.br\/baixada\/acao-por-racismo-pede-indenizacao-da-caixa-a-comunidade-afro\/"},"modified":"2023-08-04T13:06:11","modified_gmt":"2023-08-04T16:06:11","slug":"acao-por-racismo-pede-indenizacao-da-caixa-a-comunidade-afro","status":"publish","type":"post","link":"https:\/\/hostnetart.com.br\/baixada\/acao-por-racismo-pede-indenizacao-da-caixa-a-comunidade-afro\/","title":{"rendered":"A\u00e7\u00e3o por racismo pede indeniza\u00e7\u00e3o da Caixa \u00e0 comunidade afro"},"content":{"rendered":"<p>Um grupo de mais de 30 advogadas e advogados afros, ligados \u00e0 organiza\u00e7\u00e3o Educafro Brasil na Bahia, entraram, nesta segunda (31), com uma A\u00e7\u00e3o Civil P\u00fablica, por racismo, contra a Caixa Econ\u00f4mica Federal, por danos coletivos \u00e0 comunidade afro-brasileira. A a\u00e7\u00e3o \u00e9 movida pelo fato de o empres\u00e1rio Crispim Terral de Souza ter sido expulso da ag\u00eancia do Rel\u00f3gio de S\u00e3o Pedro, no bairro Dois de Julho, no centro de Salvador, em 2019.<\/p>\n<p>Frei David, fundador e diretor-executivo da organiza\u00e7\u00e3o educacional, que participou de ato para marcar o in\u00edcio do processo, em frente \u00e0 Justi\u00e7a Federal em Salvador, enfatizou a import\u00e2ncia de serem \u201c30 advogadas e advogados afro-brasileiros entrando com uma a\u00e7\u00e3o civil p\u00fablica por danos coletivos \u00e0 comunidade negra\u201d, para chamar aten\u00e7\u00e3o \u00e0 gravidade do ato de racismo questionado na Justi\u00e7a. \u201cN\u00f3s queremos direitos e reconhecimento\u201d, declarou ele.<\/p>\n<p>Crispim, tamb\u00e9m presente no ato, reafirmou que foi \u201cv\u00edtima deste velho sistema racista, fascista, que escraviza e mata o povo negro no Brasil\u201d. Ele tamb\u00e9m lembrou como foi o ato de que foi v\u00edtima: \u201cQuando estive na ag\u00eancia para resolver uma situa\u00e7\u00e3o em que foi retirado da minha conta um valor indevido, sai dali algemado, por\u00e9m mais forte nesta luta contra o racismo que \u00e9 de todos n\u00f3s brasileiros\u201d.<\/p>\n<p>O lament\u00e1vel epis\u00f3dio aconteceu em 19 de fevereiro de 2019, foi todo gravado, e as imagens, divulgadas em uma rede social do empres\u00e1rio, que \u00e9 propriet\u00e1rio da Farm\u00e1cia Terral, em Salinas das Margaridas. Segundo sua den\u00fancia, depois de ter esperado atendimento por mais de quatro horas, o gerente pediu que ele se retirasse. Como ele se negou, o funcion\u00e1rio acionou a Pol\u00edcia Militar, e um policial teria atendido a ordem do gerente, que disse \u201cS\u00f3 sai com ele algemado\u201d (cena gravada). A a\u00e7\u00e3o foi registrada pela filha da v\u00edtima, e repercutiu em todo o pa\u00eds ao ser postada em redes sociais.<\/p>\n<p>O secret\u00e1rio de Combate ao Racismo da Confedera\u00e7\u00e3o Nacional dos Trabalhadores do Ramo Financeiro, Almir Aguiar, avalia que \u201ca a\u00e7\u00e3o \u00e9 fundamental para que atos criminosos como esse n\u00e3o se repitam dentro de institui\u00e7\u00f5es, como \u00e9 a Caixa, que pertence a todos os brasileiros\u201d. Almir ressalta que \u201cqualquer ato de racismo \u00e9 execr\u00e1vel e deve ser punido com todo o rigor legal, mas um fato como esse, dentro de um banco p\u00fablico, deve ser refutado com veem\u00eancia, n\u00e3o apenas pelo desrespeito aos direitos humanos, mas tamb\u00e9m pelo simbolismo que pode ter\u201d.<\/p>\n<p>A a\u00e7\u00e3o pede uma indeniza\u00e7\u00e3o de R$ 49,5 milh\u00f5es, a serem destinados a bolsas de estudo para pessoas afro no Brasil e no exterior.<\/p>\n<p><strong>Fonte: Contraf-CUT<\/strong><\/p>\n","protected":false},"excerpt":{"rendered":"<p>Um grupo de mais de 30 advogadas e advogados afros, ligados \u00e0 organiza\u00e7\u00e3o Educafro Brasil na Bahia, entraram, nesta segunda (31), com uma A\u00e7\u00e3o Civil P\u00fablica, por racismo, contra a Caixa Econ\u00f4mica Federal, por danos coletivos \u00e0 comunidade afro-brasileira. A a\u00e7\u00e3o \u00e9 movida pelo fato de o empres\u00e1rio Crispim Terral de Souza ter sido expulso [&hellip;]<\/p>\n","protected":false},"author":2,"featured_media":14374,"comment_status":"","ping_status":"","sticky":false,"template":"","format":"standard","meta":{"footnotes":""},"categories":[3],"tags":[],"class_list":["post-14375","post","type-post","status-publish","format-standard","has-post-thumbnail","hentry","category-noticias"],"_links":{"self":[{"href":"https:\/\/hostnetart.com.br\/baixada\/wp-json\/wp\/v2\/posts\/14375","targetHints":{"allow":["GET"]}}],"collection":[{"href":"https:\/\/hostnetart.com.br\/baixada\/wp-json\/wp\/v2\/posts"}],"about":[{"href":"https:\/\/hostnetart.com.br\/baixada\/wp-json\/wp\/v2\/types\/post"}],"author":[{"embeddable":true,"href":"https:\/\/hostnetart.com.br\/baixada\/wp-json\/wp\/v2\/users\/2"}],"replies":[{"embeddable":true,"href":"https:\/\/hostnetart.com.br\/baixada\/wp-json\/wp\/v2\/comments?post=14375"}],"version-history":[{"count":0,"href":"https:\/\/hostnetart.com.br\/baixada\/wp-json\/wp\/v2\/posts\/14375\/revisions"}],"wp:featuredmedia":[{"embeddable":true,"href":"https:\/\/hostnetart.com.br\/baixada\/wp-json\/wp\/v2\/media\/14374"}],"wp:attachment":[{"href":"https:\/\/hostnetart.com.br\/baixada\/wp-json\/wp\/v2\/media?parent=14375"}],"wp:term":[{"taxonomy":"category","embeddable":true,"href":"https:\/\/hostnetart.com.br\/baixada\/wp-json\/wp\/v2\/categories?post=14375"},{"taxonomy":"post_tag","embeddable":true,"href":"https:\/\/hostnetart.com.br\/baixada\/wp-json\/wp\/v2\/tags?post=14375"}],"curies":[{"name":"wp","href":"https:\/\/api.w.org\/{rel}","templated":true}]}}