{"id":14371,"date":"2023-08-03T11:39:26","date_gmt":"2023-08-03T14:39:26","guid":{"rendered":"https:\/\/hostnetart.com.br\/baixada\/trabalhadores-precisam-ficar-atentos-na-pauta-do-congresso\/"},"modified":"2023-08-03T11:39:26","modified_gmt":"2023-08-03T14:39:26","slug":"trabalhadores-precisam-ficar-atentos-na-pauta-do-congresso","status":"publish","type":"post","link":"https:\/\/hostnetart.com.br\/baixada\/trabalhadores-precisam-ficar-atentos-na-pauta-do-congresso\/","title":{"rendered":"Trabalhadores precisam ficar atentos na pauta do Congresso"},"content":{"rendered":"<p>A categoria banc\u00e1ria e toda a classe trabalhadora precisam ficar atentas \u00e0 pauta do Congresso Nacional neste segundo semestre. \u00c9 o que recomenda o secret\u00e1rio de Rela\u00e7\u00f5es do Trabalho da Confedera\u00e7\u00e3o Nacional dos Trabalhadores do Ramo Financeiro (Contraf-CUT), Jeferson Meira, o Jef\u00e3o, que \u00e9 o respons\u00e1vel pelo acompanhamento dos projetos de interesse dos banc\u00e1rios em tramita\u00e7\u00e3o no Legislativo Federal.<\/p>\n<p>\u201cExistem projetos importantes na pauta, que podem afetar, para o bem ou para o mal, a classe trabalhadora. Por isso, precisamos estar atentos para apoiar aquilo que trar\u00e1 benef\u00edcios e mostrar nossa contrariedade \u00e0queles que podem nos prejudicar\u201d, alertou Jef\u00e3o.<\/p>\n<h3><strong>Al\u00e9m da m\u00eddia<\/strong><\/h3>\n<p>O dirigente da Contraf-CUT ressaltou que, al\u00e9m de projetos destacados pela grande imprensa, \u00e9 preciso aten\u00e7\u00e3o a outros que \u00e0s vezes passam despercebidos. \u201cA reforma tribut\u00e1ria \u00e9 mais do importante. Ela interfere no funcionamento pol\u00edtico e econ\u00f4mico de toda a sociedade e, por isso, temos que ter aten\u00e7\u00e3o com a ela. Al\u00e9m disso, dependemos de uma reforma que atenda \u00e0s necessidades do povo brasileiro e dialogue com as pol\u00edticas voltadas \u00e0s \u00e1reas sociais, como educa\u00e7\u00e3o, sa\u00fade, gera\u00e7\u00e3o de emprego e que, sobretudo, n\u00e3o penalize a renda da classe trabalhadora para beneficiar os super-ricos\u201d, exemplificou Jef\u00e3o. \u201cMas o Congresso faz outras coisas al\u00e9m de discutir a reforma tribut\u00e1ria. E, muitas vezes, tem quem queira que a gente preste aten\u00e7\u00e3o apenas aos grandes temas para \u2018passar a boiada\u2019, na surdina, em outros tantos projetos, principalmente nos debates feitos nas comiss\u00f5es. Por isso, temos que estar muito atentos\u201d, completou.<\/p>\n<p><strong>Leia tamb\u00e9m:<br \/>&gt;&gt;&gt;&gt;&gt;<\/strong> <a href=\"https:\/\/www.fenae.org.br\/portal\/fenae-portal\/congresso-volta-do-recesso-e-projetos-de-interesse-dos-bancarios-estarao-em-pauta.htm\" target=\"_blank\" rel=\"noopener noreferrer\">Congresso volta do recesso e projetos de interesse dos banc\u00e1rios estar\u00e3o em pauta<\/a><\/p>\n<h3><strong>Destaque<\/strong><\/h3>\n<p>Entre os projetos que n\u00e3o s\u00e3o mencionados pela grande imprensa, mas merecem maior aten\u00e7\u00e3o dos trabalhadores, na opini\u00e3o de Jef\u00e3o, s\u00e3o os projetos de lei (PL) 1043\/2019 e 817\/2022.<\/p>\n<p>O <a href=\"https:\/\/www.camara.leg.br\/proposicoesWeb\/fichadetramitacao?idProposicao=2192746\" target=\"_blank\" rel=\"noopener noreferrer\">PL 1043\/2019<\/a>, de autoria do deputado David Soares (DEM\/SP), permite a abertura de ag\u00eancias banc\u00e1rias aos s\u00e1bados, das 9h \u00e0s 14h, e aos domingos e feriados das 9h \u00e0s 13h. \u201cEstamos atentos \u00e0 tramita\u00e7\u00e3o deste projeto desde quando ele foi apresentado e alertamos a categoria, que se mobilizou e <a href=\"https:\/\/contrafcut.com.br\/noticias\/pl-1043-e-retirado-da-pauta-de-votacao\/?swcfpc=1\" target=\"_blank\" rel=\"noopener noreferrer\">conseguiu barrar a vota\u00e7\u00e3o<\/a> em algumas oportunidades\u201d, disse o representante do Sindicato dos Banc\u00e1rios de S\u00e3o Paulo, Osasco e Regi\u00e3o no grupo de acompanhamento da agenda legislativa das centrais sindicais no Congresso Nacional, Alexandre Caso. \u201cPrecisamos manter a mobiliza\u00e7\u00e3o para n\u00e3o apenas barrar a aprova\u00e7\u00e3o, mas enterrar de vez este projeto\u201d, completou.<\/p>\n<p>O <a href=\"https:\/\/www.camara.leg.br\/propostas-legislativas\/2319202\" target=\"_blank\" rel=\"noopener noreferrer\">PL 817\/2022<\/a>, do deputado Kim Kataguiri (Uni\u00e3o SP), altera a Lei 7.783\/1989 (Lei da Greve) ao definir os meios eletr\u00f4nicos de pagamentos e transfer\u00eancias banc\u00e1rias como servi\u00e7os essenciais. \u201cTrata-se de uma amea\u00e7a ao direito de greve da categoria\u201d, alertou Jef\u00e3o. O PL 817\/2022 chegou a ser inclu\u00eddo na pauta de vota\u00e7\u00e3o da C\u00e2mara em 2022, mas, por press\u00e3o dos sindicatos da categoria, a pauta foi derrubada.<\/p>\n<p>Al\u00e9m dos que recebem grande destaque na imprensa e destes dois mencionados acima, existem pelo menos outros nove projetos que merecem aten\u00e7\u00e3o dos trabalhadores, como o PL 4188\/2021, enviado pelo Poder Executivo, que trata da exclusividade do penhor pela Caixa Econ\u00f4mica Federal, que j\u00e1 tramitou na C\u00e2mara, onde foi aprovada a queda da exclusividade, e tamb\u00e9m j\u00e1 foi votada pelo Senado no dia 5 de junho, com a manuten\u00e7\u00e3o da exclusividade. \u201cO Senado fez altera\u00e7\u00f5es importantes. Al\u00e9m de manter o penhor na Caixa, retirou o trecho que permitia penhorar o \u00fanico im\u00f3vel de uma fam\u00edlia, o que era uma crueldade\u201d, afirmou o presidente da Federa\u00e7\u00e3o Nacional das Associa\u00e7\u00f5es do Pessoal da Caixa (Fenae), Sergio Takemoto.<\/p>\n<p>\u201cComo o Senado mudou o que a C\u00e2mara havia aprovado, ele agora volta para a C\u00e2mara. E temos que fazer press\u00e3o para a manuten\u00e7\u00e3o da exclusividade da Caixa no penhor\u201d, explicou Jef\u00e3o.<\/p>\n<p>A Contraf-CUT e a Fenae produziram um material com a <a href=\"https:\/\/www.fenae.org.br\/portal\/data\/files\/63\/81\/5E\/40\/8B52881078C84088403A91A8\/AgendaParlamentar-Fenae-Contraf-23-WEB.pdf\" target=\"_blank\" rel=\"noopener noreferrer\">Agenda Legislativa<\/a> de interesse dos trabalhadores com estes e outros projetos que merecem aten\u00e7\u00e3o. Segue abaixo o resumo de alguns deles.<\/p>\n<div class=\"wp-block-image\">\n<figure class=\"alignright size-large is-resized\"><img fetchpriority=\"high\" decoding=\"async\" class=\"wp-image-304838\" src=\"https:\/\/contrafcut.com.br\/wp-content\/uploads\/2023\/08\/image.png\" sizes=\"(max-width: 384px) 100vw, 384px\" srcset=\"https:\/\/contrafcut.com.br\/wp-content\/uploads\/2023\/08\/image.png 634w, https:\/\/contrafcut.com.br\/wp-content\/uploads\/2023\/08\/image-161x230.png 161w\" alt=\"\" width=\"384\" height=\"547\" data-cfsrc=\"https:\/\/contrafcut.com.br\/wp-content\/uploads\/2023\/08\/image.png\" \/><\/figure>\n<\/div>\n<h3><strong>Fique de olho<\/strong><\/h3>\n<ul>\n<li>O <a href=\"https:\/\/www.camara.leg.br\/proposicoesWeb\/fichadetramitacao?idProposicao=2309053\" target=\"_blank\" rel=\"noopener noreferrer\">PL 4188\/2021<\/a>, do Poder Executivo, conhecido como marco legal das garantias, trata sobre a exclusividade da Caixa no penhor.<\/li>\n<li>O <a href=\"https:\/\/www.camara.leg.br\/proposicoesWeb\/fichadetramitacao?idProposicao=2192746\" target=\"_blank\" rel=\"noopener noreferrer\">PL 1043\/2019<\/a>, do deputado David Soares (DEM\/SP), permite a abertura de ag\u00eancias banc\u00e1rias nos finais de semana. A proposta \u00e9 de funcionamento das 9h \u00e0s 14h, aos s\u00e1bados, e das 9h \u00e0s 13h aos domingos.<\/li>\n<li>O <a href=\"https:\/\/www.camara.leg.br\/propostas-legislativas\/2319202\" target=\"_blank\" rel=\"noopener noreferrer\">PL 817\/2022<\/a>, do deputado Kim Kataguiri (Uni\u00e3o SP), altera a Lei 7.783\/1989 (Lei da Greve) ao definir como servi\u00e7os essenciais os meios eletr\u00f4nicos de pagamentos e transfer\u00eancias banc\u00e1rias. \u00c9 uma amea\u00e7a ao direito de greve da categoria.<\/li>\n<li>O <a href=\"https:\/\/www.camara.leg.br\/propostas-legislativas\/2200600\" target=\"_blank\" rel=\"noopener noreferrer\">PL 2699\/2019<\/a>, do ex-deputado Valtenir Pereira (MDB\/MT), tem o objetivo de manter a ultratividade das negocia\u00e7\u00f5es coletivas at\u00e9 a aprova\u00e7\u00e3o e assinatura do novo acordo.<\/li>\n<li>O <a href=\"https:\/\/www25.senado.leg.br\/web\/atividade\/materias\/-\/materia\/135128\" target=\"_blank\" rel=\"noopener noreferrer\">PL 581\/2019<\/a>, do ex-senador \u00c1lvaro Dias (Podemos\/PR), isenta os trabalhadores de pagar Imposto de Renda sobre a Participa\u00e7\u00e3o nos Lucros e Resultados (PLR) \u2013 mesmo tratamento fiscal dado aos s\u00f3cios e acionistas. J\u00e1 foi aprovado no Senado, mas precisa de avalia\u00e7\u00e3o da C\u00e2mara.<\/li>\n<li>O <a href=\"https:\/\/www.camara.leg.br\/proposicoesWeb\/fichadetramitacao?idProposicao=2155387\" target=\"_blank\" rel=\"noopener noreferrer\">PL 8821\/2017<\/a>, do deputado S\u00e9rgio Souza (MDB\/PR), retira o limite de dedu\u00e7\u00e3o de 12% do imposto devido na declara\u00e7\u00e3o de rendimentos das contribui\u00e7\u00f5es extraordin\u00e1rias em casos de equacionamentos em fundos de pens\u00e3o dos funcion\u00e1rios das estatais.<\/li>\n<li>O <a href=\"https:\/\/www.camara.leg.br\/proposicoesWeb\/fichadetramitacao?idProposicao=2082269\" target=\"_blank\" rel=\"noopener noreferrer\">PLP 268\/2016<\/a>, do ex-deputado Valdir Raupp (MDB\/RO), estabelece novas regras de governan\u00e7a nos fundos de pens\u00e3o.<\/li>\n<li>O <a href=\"https:\/\/www.camara.leg.br\/propostas-legislativas\/2335324\" target=\"_blank\" rel=\"noopener noreferrer\">PDL 348\/2022<\/a>, da deputada Fernanda Melchionna (Psol\/RS), susta os efeitos da CGPAR 37\/2022, resolu\u00e7\u00e3o que prev\u00ea o limite de 8,5% de contribui\u00e7\u00e3o das estatais aos fundos de pens\u00e3o. Tamb\u00e9m desvincula o benef\u00edcio dos participantes de reajustes concedidos aos empregados ativos.<\/li>\n<li>O <a href=\"https:\/\/www.camara.leg.br\/propostas-legislativas\/2333913\" target=\"_blank\" rel=\"noopener noreferrer\">PDL 313\/2022<\/a>, do deputado Pompeo de Mattos (PDT\/RS), susta a CGPAR 42, que, entre outras diretrizes, reduz os aportes financeiros das estatais aos planos de sa\u00fade dos seus trabalhadores. A CGPAR 42 tem as mesmas carater\u00edsticas da CGPAR 23, suspensa com a aprova\u00e7\u00e3o do PDL 956\/2018, da deputada Erika Kokay (PT\/DF).<\/li>\n<li>O <a href=\"https:\/\/www.camara.leg.br\/propostas-legislativas\/2346879\" target=\"_blank\" rel=\"noopener noreferrer\">PL 164\/2023<\/a>, do deputado Lebr\u00e3o (Uni\u00e3o\/RO), prop\u00f5e que os reajustes anuais dos planos de sa\u00fade individuais, familiares ou coletivos tenham como par\u00e2metro a infla\u00e7\u00e3o medida pelo \u00cdndice Nacional de Pre\u00e7os ao Consumidor Amplo (IPCA).<\/li>\n<li>O <a href=\"https:\/\/www.camara.leg.br\/proposicoesWeb\/fichadetramitacao?idProposicao=2256565\" target=\"_blank\" rel=\"noopener noreferrer\">PL 3588\/2020<\/a>, do ex-deputado Alexandre Padilha, inclui o artigo 200 na CLT, que trata das disposi\u00e7\u00f5es das Normas Regulamentadoras, medidas de preven\u00e7\u00e3o, interven\u00e7\u00e3o e gest\u00e3o dos riscos psicossociais por parte do empregador.<\/li>\n<\/ul>\n<p><strong>Fonte: Contraf-CUT<\/strong><\/p>\n","protected":false},"excerpt":{"rendered":"<p>A categoria banc\u00e1ria e toda a classe trabalhadora precisam ficar atentas \u00e0 pauta do Congresso Nacional neste segundo semestre. \u00c9 o que recomenda o secret\u00e1rio de Rela\u00e7\u00f5es do Trabalho da Confedera\u00e7\u00e3o Nacional dos Trabalhadores do Ramo Financeiro (Contraf-CUT), Jeferson Meira, o Jef\u00e3o, que \u00e9 o respons\u00e1vel pelo acompanhamento dos projetos de interesse dos banc\u00e1rios em [&hellip;]<\/p>\n","protected":false},"author":2,"featured_media":14370,"comment_status":"","ping_status":"","sticky":false,"template":"","format":"standard","meta":{"footnotes":""},"categories":[3],"tags":[],"class_list":["post-14371","post","type-post","status-publish","format-standard","has-post-thumbnail","hentry","category-noticias"],"_links":{"self":[{"href":"https:\/\/hostnetart.com.br\/baixada\/wp-json\/wp\/v2\/posts\/14371","targetHints":{"allow":["GET"]}}],"collection":[{"href":"https:\/\/hostnetart.com.br\/baixada\/wp-json\/wp\/v2\/posts"}],"about":[{"href":"https:\/\/hostnetart.com.br\/baixada\/wp-json\/wp\/v2\/types\/post"}],"author":[{"embeddable":true,"href":"https:\/\/hostnetart.com.br\/baixada\/wp-json\/wp\/v2\/users\/2"}],"replies":[{"embeddable":true,"href":"https:\/\/hostnetart.com.br\/baixada\/wp-json\/wp\/v2\/comments?post=14371"}],"version-history":[{"count":0,"href":"https:\/\/hostnetart.com.br\/baixada\/wp-json\/wp\/v2\/posts\/14371\/revisions"}],"wp:featuredmedia":[{"embeddable":true,"href":"https:\/\/hostnetart.com.br\/baixada\/wp-json\/wp\/v2\/media\/14370"}],"wp:attachment":[{"href":"https:\/\/hostnetart.com.br\/baixada\/wp-json\/wp\/v2\/media?parent=14371"}],"wp:term":[{"taxonomy":"category","embeddable":true,"href":"https:\/\/hostnetart.com.br\/baixada\/wp-json\/wp\/v2\/categories?post=14371"},{"taxonomy":"post_tag","embeddable":true,"href":"https:\/\/hostnetart.com.br\/baixada\/wp-json\/wp\/v2\/tags?post=14371"}],"curies":[{"name":"wp","href":"https:\/\/api.w.org\/{rel}","templated":true}]}}