{"id":14369,"date":"2023-08-02T09:12:36","date_gmt":"2023-08-02T12:12:36","guid":{"rendered":"https:\/\/hostnetart.com.br\/baixada\/bancarios-se-reunem-para-a-25-conferencia-nacional\/"},"modified":"2023-08-02T09:12:36","modified_gmt":"2023-08-02T12:12:36","slug":"bancarios-se-reunem-para-a-25-conferencia-nacional","status":"publish","type":"post","link":"https:\/\/hostnetart.com.br\/baixada\/bancarios-se-reunem-para-a-25-conferencia-nacional\/","title":{"rendered":"Banc\u00e1rios se re\u00fanem para a 25\u00aa Confer\u00eancia Nacional"},"content":{"rendered":"<p>Nesta sexta-feira, 4 de agosto, ocorre a abertura da 25\u00aa Confer\u00eancia Nacional dosTrabalhadores do Ramo Financeiro. Com o mote \u201cBrasil sempre democr\u00e1tico: com distribui\u00e7\u00e3o de renda, direitos, emprego decente e prote\u00e7\u00e3o ao meio ambiente\u201d, o evento ser\u00e1 realizado em S\u00e3o Paulo e ter\u00e1 atividades at\u00e9 o domingo (6).<\/p>\n<p>Ao todo, haver\u00e1 a participa\u00e7\u00e3o de 636 delegados de todo o Brasil e um total de aproximadamente 800 pessoas envolvidas. O evento \u00e9 organizado pela Confedera\u00e7\u00e3o Nacional dos Trabalhadores do Ramo Financeiro (Contraf-CUT), federa\u00e7\u00f5es e sindicatos filiados e o Comando Nacional dos Banc\u00e1rios.<\/p>\n<p>Para a presidenta da Contraf-CUT, Juvandia Moreira, \u201ca Confer\u00eancia \u00e9 um momento importante para o debate dos temas que j\u00e1 v\u00eam sendo preparados pelas confer\u00eancias estaduais, nos \u00faltimos dois meses\u201d. A dirigente pontua que, \u201ccomo a categoria tem uma Conven\u00e7\u00e3o Coletiva de Trabalho v\u00e1lida por dois anos, e n\u00e3o h\u00e1 negocia\u00e7\u00e3o com os bancos este ano, o evento \u00e9 importante para a reflex\u00e3o sobre a conjuntura do pa\u00eds, que passa por um momento decisivo, com pautas fundamentais, como a reforma tribut\u00e1ria, e tamb\u00e9m os desafios atuais das trabalhadoras e trabalhadores da categoria banc\u00e1ria e do ramo financeiro\u201d.<\/p>\n<h3><strong>Reconstru\u00e7\u00e3o do Brasil<\/strong><\/h3>\n<p>Na abertura, na sexta, o tema em pauta, \u201cReconstru\u00e7\u00e3o do Brasil: a\u00e7\u00f5es do governo federal\u201d, ser\u00e1 apresentado pelo ministro da Secretaria de Rela\u00e7\u00f5es Institucionais da Presid\u00eancia da Rep\u00fablica, Alexandre Padilha.<\/p>\n<p>No s\u00e1bado (5), os temas ser\u00e3o, na parte da manh\u00e3, \u201cConjuntura internacional\u201d, com Mois\u00e9s Marques (diretor da Faculdade 28 de Agosto) e \u201cRegulamenta\u00e7\u00e3o das plataformas digitais e intelig\u00eancia artificial\u201d, com o deputado federal do PCdoB Orlando Silva (relator do Projeto de Lei 2630\/20, que trata do tema) e o bi\u00f3logo Atila Iamarino (comunicador cient\u00edfico).<\/p>\n<p>\u00c0 tarde, ser\u00e3o dois outros debates. O primeiro, \u201cReforma tribut\u00e1ria: progressiva e distributiva\u201d, ser\u00e1 com o ex-ministro nos governos anteriores de Lula e de Dilma Rousseff, Ricardo Berzoini (que tamb\u00e9m foi presidente da Confedera\u00e7\u00e3o Nacional dos Banc\u00e1rios \u2013 CNB e do Sindicato dos Banc\u00e1rios de S\u00e3o Paulo) e a economista Ros\u00e2ngela Vieira dos Santos (t\u00e9cnica do Departamento Intersindical de Estat\u00edstica e estudos Socioecon\u00f4micos \u2013 Dieese). No encerramento dos trabalhos do dia, o tema \u201cTransforma\u00e7\u00f5es no mercado de trabalho e organiza\u00e7\u00e3o do ramo financeiro\u201d ser\u00e1 apresentado pelos economistas da subse\u00e7\u00e3o da Contraf-CUT do Dieese, Vivian Manchado e Gustavo Machado Cavarzan.<\/p>\n<h3><strong>Consulta Nacional<\/strong><\/h3>\n<p>No domingo (6), dia do encerramento da Confer\u00eancia, ocorrem as duas \u00faltimas mesas. Na primeira delas, ser\u00e1 feita a \u201cApresenta\u00e7\u00e3o dos Resultados da Consulta Nacional dos Banc\u00e1rios 2023\u201d, pela economista, t\u00e9cnica do Dieese, Catia Toshie Uehara. A mesa final ser\u00e1 dedicada a \u201cFalas das centrais e correntes pol\u00edticas que comp\u00f5em o Comando Nacional dos Banc\u00e1rios e aprova\u00e7\u00e3o das resolu\u00e7\u00f5es\u201d.<\/p>\n<h3>Programa\u00e7\u00e3o<\/h3>\n<p>Confira a seguir a programa\u00e7\u00e3o oficial completa da 25\u00aa Confer\u00eancia Nacional dosTrabalhadores do Ramo Financeiro.<\/p>\n<div class=\"wp-block-image\">\n<figure class=\"aligncenter size-large\"><img fetchpriority=\"high\" decoding=\"async\" class=\"wp-image-304822\" src=\"https:\/\/contrafcut.com.br\/wp-content\/uploads\/2023\/08\/25a-conferencia-nacional-programa-completo.jpeg\" sizes=\"(max-width: 721px) 100vw, 721px\" srcset=\"https:\/\/contrafcut.com.br\/wp-content\/uploads\/2023\/08\/25a-conferencia-nacional-programa-completo.jpeg 721w, https:\/\/contrafcut.com.br\/wp-content\/uploads\/2023\/08\/25a-conferencia-nacional-programa-completo-104x230.jpeg 104w, https:\/\/contrafcut.com.br\/wp-content\/uploads\/2023\/08\/25a-conferencia-nacional-programa-completo-692x1536.jpeg 692w\" alt=\"\" width=\"721\" height=\"1600\" data-cfsrc=\"https:\/\/contrafcut.com.br\/wp-content\/uploads\/2023\/08\/25a-conferencia-nacional-programa-completo.jpeg\" \/><\/figure>\n<\/div>\n<p><strong>Fonte: Contraf-CUT<\/strong><\/p>\n","protected":false},"excerpt":{"rendered":"<p>Nesta sexta-feira, 4 de agosto, ocorre a abertura da 25\u00aa Confer\u00eancia Nacional dosTrabalhadores do Ramo Financeiro. Com o mote \u201cBrasil sempre democr\u00e1tico: com distribui\u00e7\u00e3o de renda, direitos, emprego decente e prote\u00e7\u00e3o ao meio ambiente\u201d, o evento ser\u00e1 realizado em S\u00e3o Paulo e ter\u00e1 atividades at\u00e9 o domingo (6). Ao todo, haver\u00e1 a participa\u00e7\u00e3o de 636 [&hellip;]<\/p>\n","protected":false},"author":2,"featured_media":14368,"comment_status":"","ping_status":"","sticky":false,"template":"","format":"standard","meta":{"footnotes":""},"categories":[3],"tags":[],"class_list":["post-14369","post","type-post","status-publish","format-standard","has-post-thumbnail","hentry","category-noticias"],"_links":{"self":[{"href":"https:\/\/hostnetart.com.br\/baixada\/wp-json\/wp\/v2\/posts\/14369","targetHints":{"allow":["GET"]}}],"collection":[{"href":"https:\/\/hostnetart.com.br\/baixada\/wp-json\/wp\/v2\/posts"}],"about":[{"href":"https:\/\/hostnetart.com.br\/baixada\/wp-json\/wp\/v2\/types\/post"}],"author":[{"embeddable":true,"href":"https:\/\/hostnetart.com.br\/baixada\/wp-json\/wp\/v2\/users\/2"}],"replies":[{"embeddable":true,"href":"https:\/\/hostnetart.com.br\/baixada\/wp-json\/wp\/v2\/comments?post=14369"}],"version-history":[{"count":0,"href":"https:\/\/hostnetart.com.br\/baixada\/wp-json\/wp\/v2\/posts\/14369\/revisions"}],"wp:featuredmedia":[{"embeddable":true,"href":"https:\/\/hostnetart.com.br\/baixada\/wp-json\/wp\/v2\/media\/14368"}],"wp:attachment":[{"href":"https:\/\/hostnetart.com.br\/baixada\/wp-json\/wp\/v2\/media?parent=14369"}],"wp:term":[{"taxonomy":"category","embeddable":true,"href":"https:\/\/hostnetart.com.br\/baixada\/wp-json\/wp\/v2\/categories?post=14369"},{"taxonomy":"post_tag","embeddable":true,"href":"https:\/\/hostnetart.com.br\/baixada\/wp-json\/wp\/v2\/tags?post=14369"}],"curies":[{"name":"wp","href":"https:\/\/api.w.org\/{rel}","templated":true}]}}