{"id":14365,"date":"2023-08-01T16:51:02","date_gmt":"2023-08-01T19:51:02","guid":{"rendered":"https:\/\/hostnetart.com.br\/baixada\/eleicao-santanderprevi-vote-em-patricia-bassanin-delgado-e-wanessa-de-queiroz\/"},"modified":"2023-08-01T16:51:02","modified_gmt":"2023-08-01T19:51:02","slug":"eleicao-santanderprevi-vote-em-patricia-bassanin-delgado-e-wanessa-de-queiroz","status":"publish","type":"post","link":"https:\/\/hostnetart.com.br\/baixada\/eleicao-santanderprevi-vote-em-patricia-bassanin-delgado-e-wanessa-de-queiroz\/","title":{"rendered":"Elei\u00e7\u00e3o SantanderPrevi: vote em Patr\u00edcia Bassanin Delgado e Wanessa de Queiroz"},"content":{"rendered":"<p>A Confedera\u00e7\u00e3o Nacional dos Trabalhadores do Ramo Financeiro (Contraf-CUT) apoia Patr\u00edcia Bassanin Delgado para o conselho deliberativo e Wanessa de Queiroz Paix\u00e3o para o conselho fiscal nas elei\u00e7\u00f5es do SantanderPrevi. O pleito ser\u00e1 realizado entre os dias 28 de agosto e 1\u00ba de setembro.<\/p>\n<p>A Contraf-CUT e demais entidades representativas dos trabalhadores acreditam que, se eleitas, elas dever\u00e3o atuar no conselho em defesa do patrim\u00f4nio dos participantes, e n\u00e3o dos interesses do Santander.<\/p>\n<p>\u201cEm um eventual conflito de interesses, \u00e9 muito prov\u00e1vel que o voto de um conselheiro indicado pelo Santander seja em sintonia com os interesses do banco e n\u00e3o com o dos participantes. Logo, eleger representantes que visem maior transpar\u00eancia na gest\u00e3o dos recursos \u00e9 fundamental para a gest\u00e3o dos planos\u201d, declara Wanessa de Queiroz Paix\u00e3o, participante do plano SantanderPrevi e coordenadora da Comiss\u00e3o de Organiza\u00e7\u00e3o dos Empregados (COE) do Santander.<\/p>\n<h3>Propostas de Patr\u00edcia e Wanessa<\/h3>\n<p>Lutar pela concess\u00e3o de linhas de cr\u00e9dito aos participantes;<br \/>Lutar contra a interfer\u00eancia da patrocinadora na entidade;<br \/>Lutar por elei\u00e7\u00e3o de suplentes;<br \/>Trabalhar pela implanta\u00e7\u00e3o de um comit\u00ea de investimentos;<br \/>Dar mais transpar\u00eancia ao plano;<\/p>\n<p><strong>E o principal<\/strong><\/p>\n<p>Lutar pela reabertura do plano a novos participantes.<\/p>\n<h3>Curr\u00edculo de Wanessa de Queiroz<\/h3>\n<p>Formada em administra\u00e7\u00e3o de empresas com \u00eanfase em finan\u00e7as corporativas na Fecap. Possui p\u00f3s-gradua\u00e7\u00e3o em Economia do Trabalho na Unicamp. Atua como gerente de neg\u00f3cios no Santander. H\u00e1 16 anos no banco. Conselheira deliberativa da Associa\u00e7\u00e3o Nacional dos Participantes de Fundos de Pens\u00e3o e dos Benefici\u00e1rios de Sa\u00fade Suplementar de Autogest\u00e3o (Anapar). Coordenadora da Comiss\u00e3o de Organiza\u00e7\u00e3o dos Empregados do Santander. Dirigente executiva da Fetec-CUT\/SP.<\/p>\n<h3>Curr\u00edculo de Patr\u00edcia Delgado<\/h3>\n<p>Graduada em Educa\u00e7\u00e3o F\u00edsica pela PUC Campinas. Possui curso de Extens\u00e3o em Pol\u00edticas P\u00fablicas de Emprego, pelo Instituto de Economia da Unicamp, al\u00e9m de outros relacionados ao sistema financeiro. Curso de Certifica\u00e7\u00e3o CPA-20.<\/p>\n<p>Ingressou em 1991 no banco Am\u00e9rica do Sul, adquirido pelo Sudameris, depois Banco Real e Santander, ocupando os cargos de escritur\u00e1ria e assistente comercial. Entrou no meio sindical em 1996, atuando por duas gest\u00f5es como conselheira fiscal do Sindicato dos Banc\u00e1rios de Campinas e Regi\u00e3o. \u00c9 diretora Financeira do Sindicato dos Banc\u00e1rios de Campinas e Regi\u00e3o, onde tamb\u00e9m j\u00e1 foi diretora de patrim\u00f4nio da entidade.<\/p>\n<p><strong>Fonte: Contraf-CUT<\/strong><\/p>\n","protected":false},"excerpt":{"rendered":"<p>A Confedera\u00e7\u00e3o Nacional dos Trabalhadores do Ramo Financeiro (Contraf-CUT) apoia Patr\u00edcia Bassanin Delgado para o conselho deliberativo e Wanessa de Queiroz Paix\u00e3o para o conselho fiscal nas elei\u00e7\u00f5es do SantanderPrevi. O pleito ser\u00e1 realizado entre os dias 28 de agosto e 1\u00ba de setembro. A Contraf-CUT e demais entidades representativas dos trabalhadores acreditam que, se [&hellip;]<\/p>\n","protected":false},"author":2,"featured_media":14364,"comment_status":"","ping_status":"","sticky":false,"template":"","format":"standard","meta":{"footnotes":""},"categories":[3],"tags":[],"class_list":["post-14365","post","type-post","status-publish","format-standard","has-post-thumbnail","hentry","category-noticias"],"_links":{"self":[{"href":"https:\/\/hostnetart.com.br\/baixada\/wp-json\/wp\/v2\/posts\/14365","targetHints":{"allow":["GET"]}}],"collection":[{"href":"https:\/\/hostnetart.com.br\/baixada\/wp-json\/wp\/v2\/posts"}],"about":[{"href":"https:\/\/hostnetart.com.br\/baixada\/wp-json\/wp\/v2\/types\/post"}],"author":[{"embeddable":true,"href":"https:\/\/hostnetart.com.br\/baixada\/wp-json\/wp\/v2\/users\/2"}],"replies":[{"embeddable":true,"href":"https:\/\/hostnetart.com.br\/baixada\/wp-json\/wp\/v2\/comments?post=14365"}],"version-history":[{"count":0,"href":"https:\/\/hostnetart.com.br\/baixada\/wp-json\/wp\/v2\/posts\/14365\/revisions"}],"wp:featuredmedia":[{"embeddable":true,"href":"https:\/\/hostnetart.com.br\/baixada\/wp-json\/wp\/v2\/media\/14364"}],"wp:attachment":[{"href":"https:\/\/hostnetart.com.br\/baixada\/wp-json\/wp\/v2\/media?parent=14365"}],"wp:term":[{"taxonomy":"category","embeddable":true,"href":"https:\/\/hostnetart.com.br\/baixada\/wp-json\/wp\/v2\/categories?post=14365"},{"taxonomy":"post_tag","embeddable":true,"href":"https:\/\/hostnetart.com.br\/baixada\/wp-json\/wp\/v2\/tags?post=14365"}],"curies":[{"name":"wp","href":"https:\/\/api.w.org\/{rel}","templated":true}]}}