{"id":14361,"date":"2023-08-01T13:59:32","date_gmt":"2023-08-01T16:59:32","guid":{"rendered":"https:\/\/hostnetart.com.br\/baixada\/saude-caixa-discussao-precisa-ir-para-alem-do-custeio\/"},"modified":"2023-08-01T13:59:32","modified_gmt":"2023-08-01T16:59:32","slug":"saude-caixa-discussao-precisa-ir-para-alem-do-custeio","status":"publish","type":"post","link":"https:\/\/hostnetart.com.br\/baixada\/saude-caixa-discussao-precisa-ir-para-alem-do-custeio\/","title":{"rendered":"Sa\u00fade Caixa: Discuss\u00e3o precisa ir para al\u00e9m do custeio"},"content":{"rendered":"<p>Na reuni\u00e3o do Grupo de Trabalho do Sa\u00fade Caixa, desta segunda-feira (31), representantes das entidades sindicais e associativas dos trabalhadores ressaltaram que as discuss\u00f5es sobre o plano de sa\u00fade das empregadas e empregados do banco precisam ir\u00a0<a href=\"https:\/\/contrafcut.com.br\/noticias\/saude-caixa-e-politica-de-pessoas-ou-vale-desconto\" target=\"_blank\" rel=\"noopener noreferrer\">para al\u00e9m do custeio<\/a>.<\/p>\n<p>\u201cA reuni\u00e3o nos trouxe n\u00fameros que antes n\u00e3o estavam t\u00e3o claros para n\u00f3s. Mas temos problemas gritantes no atendimento e no contato com os usu\u00e1rios e credenciados. Ou seja, nosso debate n\u00e3o pode se limitar ao custeio\u201d, disse a coordenadora da Comiss\u00e3o Executiva dos Empregados (CEE) da Caixa e da representa\u00e7\u00e3o dos trabalhadores no GT do Sa\u00fade Caixa, Fabiana Uehara Proscholdt.<\/p>\n<p>Para Fabiana, n\u00e3o basta a Caixa apresentar os custos do plano e dizer que \u00e9 preciso aumentar as mensalidades para poder cobri-los. \u201cQueremos discutir a qualidade do atendimento e demais desdobramentos que levam ao custo\u201d, continuou ao ressaltar que melhorou a qualidade das informa\u00e7\u00f5es passadas pela Caixa na apresenta\u00e7\u00e3o dos n\u00fameros do plano. \u201cMas precisamos de mais informa\u00e7\u00f5es e mais detalhes, como, por exemplo, o que comp\u00f5e os custos de administra\u00e7\u00e3o do Sa\u00fade Caixa\u201d, completou.<\/p>\n<p>O representante da Federa\u00e7\u00e3o dos Banc\u00e1rios CUT do Estado de S\u00e3o Paulo (Fetec-CUT\/SP), Leonardo Quadros, refor\u00e7ou a posi\u00e7\u00e3o da coordenadora da CEE ao destacar a import\u00e2ncia do debate sobre a descentraliza\u00e7\u00e3o. \u201cPrecisamos discutir a estrutura do plano, com enfoque na melhoria da qualidade do atendimento\u201d, disse. \u201cPrecisamos debater sobre a recria\u00e7\u00e3o dos comit\u00eas de credenciamento e as estruturas regionais de atendimento, que permitam observar as realidades de cada localidade e a amplia\u00e7\u00e3o da rede onde haja necessidade. Isso ajudaria a melhorar o atendimento dos usu\u00e1rios e dos credenciados. Seria muito melhor do que a estrutura centralizada\u201d, lembrou.<\/p>\n<p>Para Fabiana, melhorar o atendimento \u00e9 essencial para que o usu\u00e1rio consiga perceber a qualidade do plano. \u201cSe quem precisa do plano n\u00e3o consegue ver a qualidade, n\u00e3o teremos chance de debater uma poss\u00edvel necessidade de reajuste das mensalidades\u201d, observou.<\/p>\n<p>A representa\u00e7\u00e3o dos trabalhadores tamb\u00e9m cobrou informa\u00e7\u00f5es sobre a distribui\u00e7\u00e3o dos usu\u00e1rios de forma segmentada, por idade e faixa de renda.<\/p>\n<h3><strong>Pesquisa<\/strong><\/h3>\n<p>A representa\u00e7\u00e3o dos empregados questionou sobre a pesquisa anual de qualidade no atendimento. A Caixa respondeu que a apresenta\u00e7\u00e3o dos resultados est\u00e1 prevista para a segunda quinzena de agosto.<\/p>\n<h3><strong>Cobran\u00e7a dos atrasados<\/strong><\/h3>\n<p>Outro questionamento feito pela representa\u00e7\u00e3o dos trabalhadores foi com rela\u00e7\u00e3o ao pedido de\u00a0<a href=\"https:\/\/contrafcut.com.br\/noticias\/saude-caixa-sindicatos-exigem-suspensao-de-cobrancas-retroativas\" target=\"_blank\" rel=\"noopener noreferrer\">suspen<\/a><a href=\"https:\/\/contrafcut.com.br\/noticias\/saude-caixa-sindicatos-exigem-suspensao-de-cobrancas-retroativas\" target=\"_blank\" rel=\"noopener noreferrer\">s<\/a><a href=\"https:\/\/contrafcut.com.br\/noticias\/saude-caixa-sindicatos-exigem-suspensao-de-cobrancas-retroativas\" target=\"_blank\" rel=\"noopener noreferrer\">\u00e3o das cobran\u00e7as retroativas<\/a>\u00a0que a Caixa est\u00e1 realizando nas contas dos empregados, referentes \u00e0s coparticipa\u00e7\u00f5es de consultas e exames de 2018 a 2022 que, por erro de sistema da Caixa, n\u00e3o tinham sido cobradas. O banco ficou de verificar e dar a resposta para a Confedera\u00e7\u00e3o Nacional dos Trabalhadores do Ramo Financeiro (Contraf-CUT).<\/p>\n<h3><strong>Uso do PCMSO<\/strong><\/h3>\n<p>A representa\u00e7\u00e3o das empregadas e empregados tamb\u00e9m cobrou informa\u00e7\u00f5es sobre o Programa de Controle M\u00e9dico de Sa\u00fade Ocupacional (PCMSO) e seu uso pelos empregados que est\u00e3o em licen\u00e7a para acidente de trabalho.<\/p>\n<p>\u201cN\u00e3o temos conhecimento sobre isso e sabemos que muita gente, que est\u00e1 afastada devido a acidente de trabalho, utiliza o plano e acaba pagando os 30% da coparticipa\u00e7\u00e3o sem necessidade. E ainda gera custo para o plano, que deveria ser do PCMSO\u201d, explicou o representante da Federa\u00e7\u00e3o das Trabalhadoras e Trabalhadores do Ramo Financeiro do Estado do Rio de Janeiro (Federa-RJ), Serginho Amorim. \u201cTemos que explicar isso para os usu\u00e1rios, para que eles n\u00e3o tenham custos desnecess\u00e1rios e nem gerem custos para o Sa\u00fade Caixa\u201d, completou.<\/p>\n<h3><strong>Pr\u00f3ximas reuni\u00f5es<\/strong><\/h3>\n<p>A pr\u00f3xima reuni\u00e3o est\u00e1 agendada para o dia 15 de agosto.<\/p>\n<p><strong>Fonte: Contraf-CUT<\/strong><\/p>\n","protected":false},"excerpt":{"rendered":"<p>Na reuni\u00e3o do Grupo de Trabalho do Sa\u00fade Caixa, desta segunda-feira (31), representantes das entidades sindicais e associativas dos trabalhadores ressaltaram que as discuss\u00f5es sobre o plano de sa\u00fade das empregadas e empregados do banco precisam ir\u00a0para al\u00e9m do custeio. \u201cA reuni\u00e3o nos trouxe n\u00fameros que antes n\u00e3o estavam t\u00e3o claros para n\u00f3s. Mas temos [&hellip;]<\/p>\n","protected":false},"author":2,"featured_media":14360,"comment_status":"","ping_status":"","sticky":false,"template":"","format":"standard","meta":{"footnotes":""},"categories":[3],"tags":[],"class_list":["post-14361","post","type-post","status-publish","format-standard","has-post-thumbnail","hentry","category-noticias"],"_links":{"self":[{"href":"https:\/\/hostnetart.com.br\/baixada\/wp-json\/wp\/v2\/posts\/14361","targetHints":{"allow":["GET"]}}],"collection":[{"href":"https:\/\/hostnetart.com.br\/baixada\/wp-json\/wp\/v2\/posts"}],"about":[{"href":"https:\/\/hostnetart.com.br\/baixada\/wp-json\/wp\/v2\/types\/post"}],"author":[{"embeddable":true,"href":"https:\/\/hostnetart.com.br\/baixada\/wp-json\/wp\/v2\/users\/2"}],"replies":[{"embeddable":true,"href":"https:\/\/hostnetart.com.br\/baixada\/wp-json\/wp\/v2\/comments?post=14361"}],"version-history":[{"count":0,"href":"https:\/\/hostnetart.com.br\/baixada\/wp-json\/wp\/v2\/posts\/14361\/revisions"}],"wp:featuredmedia":[{"embeddable":true,"href":"https:\/\/hostnetart.com.br\/baixada\/wp-json\/wp\/v2\/media\/14360"}],"wp:attachment":[{"href":"https:\/\/hostnetart.com.br\/baixada\/wp-json\/wp\/v2\/media?parent=14361"}],"wp:term":[{"taxonomy":"category","embeddable":true,"href":"https:\/\/hostnetart.com.br\/baixada\/wp-json\/wp\/v2\/categories?post=14361"},{"taxonomy":"post_tag","embeddable":true,"href":"https:\/\/hostnetart.com.br\/baixada\/wp-json\/wp\/v2\/tags?post=14361"}],"curies":[{"name":"wp","href":"https:\/\/api.w.org\/{rel}","templated":true}]}}