{"id":1436,"date":"2013-08-24T00:00:00","date_gmt":"2013-08-24T03:00:00","guid":{"rendered":"https:\/\/hostnetart.com.br\/baixada\/bancarios-as-todos-convocados-para-assembleia-geral-extraordinaria-dia-28-de-agosto\/"},"modified":"2013-08-24T00:00:00","modified_gmt":"2013-08-24T03:00:00","slug":"bancarios-as-todos-convocados-para-assembleia-geral-extraordinaria-dia-28-de-agosto","status":"publish","type":"post","link":"https:\/\/hostnetart.com.br\/baixada\/bancarios-as-todos-convocados-para-assembleia-geral-extraordinaria-dia-28-de-agosto\/","title":{"rendered":"BANC\u00c1RIOS (AS ) TODOS CONVOCADOS PARA ASSEMBLEIA GERAL EXTRAORDIN\u00c1RIA DIA 28 DE AGOSTO"},"content":{"rendered":"<p>EDITAL ASSEMBLEIA GERAL EXTRAORDIN\u00c1RIA<\/p>\n<p>1. Delibera\u00e7\u00e3o acerca da paralisa\u00e7\u00e3o das atividades por 24 horas em ades\u00e3o ao Dia Nacional de Luta da Classe Trabalhadora no dia 30\/08\/13, cuja pauta prev\u00ea:<\/p>\n<div>Redu\u00e7\u00e3o da Jornada de Trabalho para 40h semanais, sem redu\u00e7\u00e3o de sal\u00e1rios;<\/div>\n<div>Fim do fator previdenci\u00e1rio;<\/div>\n<div>10% do PIB para a Educa\u00e7\u00e3o;<\/div>\n<div>10% do Or\u00e7amento da Uni\u00e3o para a Sa\u00fade;<\/div>\n<div>Transporte p\u00fablico e de qualidade\/mobilidade urbana;<\/div>\n<div>Valoriza\u00e7\u00e3o das Aposentadorias;<\/div>\n<div>Reforma Agr\u00e1ria;<\/div>\n<div>Suspens\u00e3o \u00a0dos Leil\u00f5es de Petr\u00f3leo;<\/div>\n<div>Contra o PL 4330, sobre Terceiriza\u00e7\u00e3o.<\/div>\n<div>2. \u00a0Informes acerca da Campanha Nacional das categorias pertencentes ao ramo financeiro.<\/div>\n<div>Duque de Caxias, 23 de agosto de 2013.<\/div>\n<div>Pedro Batista ,Jose la\u00e9rcio, Alcyon Vicente<\/div>\n<div>Coordena\u00e7\u00e3o Geral<\/div>\n","protected":false},"excerpt":{"rendered":"<p>EDITAL ASSEMBLEIA GERAL EXTRAORDIN\u00c1RIA 1. Delibera\u00e7\u00e3o acerca da paralisa\u00e7\u00e3o das atividades por 24 horas em ades\u00e3o ao Dia Nacional de Luta da Classe Trabalhadora no dia 30\/08\/13, cuja pauta prev\u00ea: Redu\u00e7\u00e3o da Jornada de Trabalho para 40h semanais, sem redu\u00e7\u00e3o de sal\u00e1rios; Fim do fator previdenci\u00e1rio; 10% do PIB para a Educa\u00e7\u00e3o; 10% do Or\u00e7amento [&hellip;]<\/p>\n","protected":false},"author":1,"featured_media":0,"comment_status":"","ping_status":"","sticky":false,"template":"","format":"standard","meta":{"footnotes":""},"categories":[3],"tags":[],"class_list":["post-1436","post","type-post","status-publish","format-standard","hentry","category-noticias"],"_links":{"self":[{"href":"https:\/\/hostnetart.com.br\/baixada\/wp-json\/wp\/v2\/posts\/1436","targetHints":{"allow":["GET"]}}],"collection":[{"href":"https:\/\/hostnetart.com.br\/baixada\/wp-json\/wp\/v2\/posts"}],"about":[{"href":"https:\/\/hostnetart.com.br\/baixada\/wp-json\/wp\/v2\/types\/post"}],"author":[{"embeddable":true,"href":"https:\/\/hostnetart.com.br\/baixada\/wp-json\/wp\/v2\/users\/1"}],"replies":[{"embeddable":true,"href":"https:\/\/hostnetart.com.br\/baixada\/wp-json\/wp\/v2\/comments?post=1436"}],"version-history":[{"count":0,"href":"https:\/\/hostnetart.com.br\/baixada\/wp-json\/wp\/v2\/posts\/1436\/revisions"}],"wp:attachment":[{"href":"https:\/\/hostnetart.com.br\/baixada\/wp-json\/wp\/v2\/media?parent=1436"}],"wp:term":[{"taxonomy":"category","embeddable":true,"href":"https:\/\/hostnetart.com.br\/baixada\/wp-json\/wp\/v2\/categories?post=1436"},{"taxonomy":"post_tag","embeddable":true,"href":"https:\/\/hostnetart.com.br\/baixada\/wp-json\/wp\/v2\/tags?post=1436"}],"curies":[{"name":"wp","href":"https:\/\/api.w.org\/{rel}","templated":true}]}}