{"id":14355,"date":"2023-07-31T19:25:20","date_gmt":"2023-07-31T22:25:20","guid":{"rendered":"https:\/\/hostnetart.com.br\/baixada\/queda-do-desemprego-seria-ainda-maior-com-juros-mais-baixos\/"},"modified":"2023-07-31T19:25:20","modified_gmt":"2023-07-31T22:25:20","slug":"queda-do-desemprego-seria-ainda-maior-com-juros-mais-baixos","status":"publish","type":"post","link":"https:\/\/hostnetart.com.br\/baixada\/queda-do-desemprego-seria-ainda-maior-com-juros-mais-baixos\/","title":{"rendered":"Queda do desemprego seria ainda maior com juros mais baixos"},"content":{"rendered":"<p>O Brasil apresenta sinais de melhora econ\u00f4mica com queda no \u00edndice de desemprego de 8,3% para 8%, aumento de mais de 1 milh\u00e3o de vagas formais de trabalho abertas, estabilidade da renda do trabalhador e reajustes salarias acima da infla\u00e7\u00e3o. Os dados s\u00e3o de pesquisas do Instituto Brasileiro de Geografia e Estat\u00edstica (IBGE), do Minist\u00e9rio do Emprego e Trabalho (MTE) e do Departamento Intersindical de Estat\u00edsticas e Estudos Socioecon\u00f4micos (Dieese), respectivamente. Veja os n\u00fameros abaixo.<\/p>\n<p>Apesar dessa melhora, o pa\u00eds ainda tem de conviver com o arrocho econ\u00f4mico provocado pelo Banco Central (BC), que mant\u00e9m a taxa b\u00e1sica de juros, a Selic, em 13,75%, que proporciona a maior taxa de juro real do mundo, na casa dos 10%. Para o presidente da CUT, S\u00e9rgio Nobre, Campos Neto j\u00e1 deveria ter sido afastado da presid\u00eancia da entidade pelo Senado Federal. Com a independ\u00eancia do BC criada pelo governo de Jair Bolsonaro (PL), aprovada pelo Congresso Nacional, apenas os senadores podem retir\u00e1-lo do cargo.<\/p>\n<p>\u201cO pa\u00eds j\u00e1 n\u00e3o aguenta mais a taxa elevada de juros. Todos perdem, o governo que tem de pagar R$ 38 bilh\u00f5es a cada 1% que o BC cobra de juros, dinheiro que poderia ir para a sa\u00fade, a educa\u00e7\u00e3o; perdem os empres\u00e1rios por n\u00e3o ter cr\u00e9dito para investir e gerar empregos, e perdem especialmente as fam\u00edlias brasileiras por estarem cada vez mais endividadas com cart\u00e3o de cr\u00e9dito, juros de cheque especial e presta\u00e7\u00f5es\u201d, diz Nobre.<\/p>\n<p>O presidente da CUT ressalta, no entanto, que a queda no \u00edndice do desemprego e os reajustes salariais acima da infla\u00e7\u00e3o s\u00e3o vit\u00f3rias do movimento sindical. \u201cN\u00f3s lutamos para eleger o presidente Lula, um homem forjado no movimento sindical, que j\u00e1 comandou o Brasil com \u00eaxito em dois outros mandatos. Mas, hoje existem advers\u00e1rios como o bolsonarista Campos Neto, que trabalham contra o governo atual e, para isso, boicotam a economia do pa\u00eds\u201d, critica.<\/p>\n<p>Nobre avalia que a previs\u00e3o de baixar os juros em 0,25%, segundo analistas econ\u00f4micos, ainda \u00e9 pouco para o pa\u00eds se reerguer economicamente com mais rapidez. O Comit\u00ea de Pol\u00edtica Econ\u00f4mica (Copom), do BC, respons\u00e1vel por definir os juros, se re\u00fane nos dias 1\u00ba e 2 de agosto, para apresentar nova proposta ou manter a atual taxa. \u201cO povo brasileiro precisa se mobilizar e ir \u00e0s ruas para manifestar a sua insatisfa\u00e7\u00e3o com os juros altos. A CUT integra comit\u00eas de luta que far\u00e3o at\u00e9 o pr\u00f3ximo 2 de agosto mobiliza\u00e7\u00f5es por juros baixos\u201d, diz.<\/p>\n<h3><strong>Desemprego, vagas e reajustes<\/strong><\/h3>\n<p>O n\u00edvel de desemprego no pa\u00eds est\u00e1 em 8%, segundo a Pesquisa Nacional por Amostra de Domic\u00edlios (Pnad) Cont\u00ednua, divulgada nesta sexta-feira (28) pelo IBGE. \u00c9 o menor \u00edndice para o segundo trimestre, encerrado em junho, desde 2014. Houve um recuo de 0,3 ponto percentual (p.p.) em rela\u00e7\u00e3o ao 1\u00ba trimestre do ano, quando estava em 8,3%. Na s\u00e9rie hist\u00f3rica trimestral, foi o melhor resultado desde o 4\u00ba trimestre do ano passado (7,9%).<\/p>\n<p>A queda no desemprego em rela\u00e7\u00e3o ao mesmo per\u00edodo do ano passado foi de 1,3 p.p. Em 2022 estava em 9,3%. Em 12 meses a queda do desemprego \u00e9 ainda maior, de 14,2%. A renda do trabalhador ficou est\u00e1vel em compara\u00e7\u00e3o ao trimestre passado, mas com ligeira queda, de R$ 2.923 para R$ 2.921.<\/p>\n<p>Na compara\u00e7\u00e3o anual da pesquisa IBGE, os dados s\u00e3o os seguintes:<\/p>\n<p>Ocupados: 98,910 milh\u00f5es (+0,7%);<\/p>\n<p>Desempregados: 8,647 milh\u00f5es (-14,2%);<\/p>\n<p>Desalentados: 3,672 milh\u00f5es (-13,9%);<\/p>\n<p>Renda m\u00e9dia: R$ 2.921 (+6,2%).<\/p>\n<h3><strong>Aumento no emprego<\/strong><\/h3>\n<p>Outro dado positivo em rela\u00e7\u00e3o ao emprego \u00e9 do\u00a0Cadastro Geral de Empregados e Desempregados (Caged),\u00a0divulgado pelo MTE. O n\u00famero de vagas formais, com carteira assinada, chegou a 1.023.540, nos seis primeiros meses deste ano. Embora o saldo tenha sido positivo, o n\u00famero \u00e9 26% menor que o registrado no 1\u00ba semestre do ano passado, que chegou a 1.388.010. Somente em junho deste ano o saldo positivo foi de 157.198 empregos.<\/p>\n<h3><strong>Reajustes acima da infla\u00e7\u00e3o<\/strong><\/h3>\n<p>Das categorias profissionais com data-base em junho, analisadas pelo Dieese at\u00e9 9 de julho, 85,9% conquistaram aumentos reais nos sal\u00e1rios, na compara\u00e7\u00e3o com o \u00cdndice Nacional de Pre\u00e7os ao Consumidor (INPC) do IBGE.<\/p>\n<p>Outras 12,3% alcan\u00e7aram reajustes iguais a esse \u00edndice, e apenas 1,8% n\u00e3o conseguiram recompor as perdas para a infla\u00e7\u00e3o. O Dieese destaca que 21% das negocia\u00e7\u00f5es de 2023 obtiveram ganhos reais superiores a 2% sobre o \u00edndice da infla\u00e7\u00e3o. A varia\u00e7\u00e3o real m\u00e9dia dos sal\u00e1rios fica 1,07% acima do INPC.<\/p>\n<p>Para o Dieese, \u00e9 poss\u00edvel que o mais recente reajuste do sal\u00e1rio-m\u00ednimo, concedido em maio pelo governo Lula, tenha influenciado positivamente o resultado das negocia\u00e7\u00f5es nas \u00faltimas duas datas-bases, acentuando tend\u00eancia positiva que vem desde o final do ano passado. Os dados s\u00e3o do boletim <em><a href=\"https:\/\/www.dieese.org.br\/boletimnegociacao\/2023\/boletimnegociacao34.html\" target=\"_blank\" rel=\"noopener noreferrer\">De olho nas negocia\u00e7\u00f5es<\/a><\/em> n\u00ba 34.<\/p>\n<p>Leia a reportagem completa no <a href=\"https:\/\/www.cut.org.br\/noticias\/sergio-nobre-queda-do-desemprego-seria-ainda-maior-se-juros-estivessem-mais-baix-60a3\" target=\"_blank\" rel=\"noopener noreferrer\">Portal da CUT<\/a>.<\/p>\n<p><strong>Fonte: Contraf-CUT<\/strong><\/p>\n","protected":false},"excerpt":{"rendered":"<p>O Brasil apresenta sinais de melhora econ\u00f4mica com queda no \u00edndice de desemprego de 8,3% para 8%, aumento de mais de 1 milh\u00e3o de vagas formais de trabalho abertas, estabilidade da renda do trabalhador e reajustes salarias acima da infla\u00e7\u00e3o. Os dados s\u00e3o de pesquisas do Instituto Brasileiro de Geografia e Estat\u00edstica (IBGE), do Minist\u00e9rio [&hellip;]<\/p>\n","protected":false},"author":2,"featured_media":14354,"comment_status":"","ping_status":"","sticky":false,"template":"","format":"standard","meta":{"footnotes":""},"categories":[3],"tags":[],"class_list":["post-14355","post","type-post","status-publish","format-standard","has-post-thumbnail","hentry","category-noticias"],"_links":{"self":[{"href":"https:\/\/hostnetart.com.br\/baixada\/wp-json\/wp\/v2\/posts\/14355","targetHints":{"allow":["GET"]}}],"collection":[{"href":"https:\/\/hostnetart.com.br\/baixada\/wp-json\/wp\/v2\/posts"}],"about":[{"href":"https:\/\/hostnetart.com.br\/baixada\/wp-json\/wp\/v2\/types\/post"}],"author":[{"embeddable":true,"href":"https:\/\/hostnetart.com.br\/baixada\/wp-json\/wp\/v2\/users\/2"}],"replies":[{"embeddable":true,"href":"https:\/\/hostnetart.com.br\/baixada\/wp-json\/wp\/v2\/comments?post=14355"}],"version-history":[{"count":0,"href":"https:\/\/hostnetart.com.br\/baixada\/wp-json\/wp\/v2\/posts\/14355\/revisions"}],"wp:featuredmedia":[{"embeddable":true,"href":"https:\/\/hostnetart.com.br\/baixada\/wp-json\/wp\/v2\/media\/14354"}],"wp:attachment":[{"href":"https:\/\/hostnetart.com.br\/baixada\/wp-json\/wp\/v2\/media?parent=14355"}],"wp:term":[{"taxonomy":"category","embeddable":true,"href":"https:\/\/hostnetart.com.br\/baixada\/wp-json\/wp\/v2\/categories?post=14355"},{"taxonomy":"post_tag","embeddable":true,"href":"https:\/\/hostnetart.com.br\/baixada\/wp-json\/wp\/v2\/tags?post=14355"}],"curies":[{"name":"wp","href":"https:\/\/api.w.org\/{rel}","templated":true}]}}