{"id":14353,"date":"2023-07-31T14:53:12","date_gmt":"2023-07-31T17:53:12","guid":{"rendered":"https:\/\/hostnetart.com.br\/baixada\/vem-ai-a-festa-dos-bancarios-2023\/"},"modified":"2023-07-31T14:53:12","modified_gmt":"2023-07-31T17:53:12","slug":"vem-ai-a-festa-dos-bancarios-2023","status":"publish","type":"post","link":"https:\/\/hostnetart.com.br\/baixada\/vem-ai-a-festa-dos-bancarios-2023\/","title":{"rendered":"Vem ai a festa dos Banc\u00e1rios 2023!"},"content":{"rendered":"<p class=\"s20\"><span class=\"s16\"><span class=\"bumpedFont15\">A festa dos Banc\u00e1rios e das Banc\u00e1rias j\u00e1 tem data para acontecer.<\/span><\/span><\/p>\n<p class=\"s20\">Ser\u00e1 no dia 26 de agosto (s\u00e1bado).<\/p>\n<p class=\"s20\"><span class=\"s16\"><span class=\"bumpedFont15\">Fiquem ligados em nosso sit<\/span><\/span><span class=\"s16\"><span class=\"bumpedFont15\">e e em nossas redes sociais para <\/span><\/span><span class=\"s16\"><span class=\"bumpedFont15\">maiores informa\u00e7\u00f5es. <\/span><\/span><\/p>\n<p class=\"s20\"><span class=\"s16\"><span class=\"bumpedFont15\">N\u00c3O PERCAM!<\/span><\/span><\/p>\n","protected":false},"excerpt":{"rendered":"<p>A festa dos Banc\u00e1rios e das Banc\u00e1rias j\u00e1 tem data para acontecer. Ser\u00e1 no dia 26 de agosto (s\u00e1bado). Fiquem ligados em nosso site e em nossas redes sociais para maiores informa\u00e7\u00f5es. N\u00c3O PERCAM!<\/p>\n","protected":false},"author":2,"featured_media":14352,"comment_status":"","ping_status":"","sticky":false,"template":"","format":"standard","meta":{"footnotes":""},"categories":[3],"tags":[],"class_list":["post-14353","post","type-post","status-publish","format-standard","has-post-thumbnail","hentry","category-noticias"],"_links":{"self":[{"href":"https:\/\/hostnetart.com.br\/baixada\/wp-json\/wp\/v2\/posts\/14353","targetHints":{"allow":["GET"]}}],"collection":[{"href":"https:\/\/hostnetart.com.br\/baixada\/wp-json\/wp\/v2\/posts"}],"about":[{"href":"https:\/\/hostnetart.com.br\/baixada\/wp-json\/wp\/v2\/types\/post"}],"author":[{"embeddable":true,"href":"https:\/\/hostnetart.com.br\/baixada\/wp-json\/wp\/v2\/users\/2"}],"replies":[{"embeddable":true,"href":"https:\/\/hostnetart.com.br\/baixada\/wp-json\/wp\/v2\/comments?post=14353"}],"version-history":[{"count":0,"href":"https:\/\/hostnetart.com.br\/baixada\/wp-json\/wp\/v2\/posts\/14353\/revisions"}],"wp:featuredmedia":[{"embeddable":true,"href":"https:\/\/hostnetart.com.br\/baixada\/wp-json\/wp\/v2\/media\/14352"}],"wp:attachment":[{"href":"https:\/\/hostnetart.com.br\/baixada\/wp-json\/wp\/v2\/media?parent=14353"}],"wp:term":[{"taxonomy":"category","embeddable":true,"href":"https:\/\/hostnetart.com.br\/baixada\/wp-json\/wp\/v2\/categories?post=14353"},{"taxonomy":"post_tag","embeddable":true,"href":"https:\/\/hostnetart.com.br\/baixada\/wp-json\/wp\/v2\/tags?post=14353"}],"curies":[{"name":"wp","href":"https:\/\/api.w.org\/{rel}","templated":true}]}}