{"id":14347,"date":"2023-07-28T14:22:36","date_gmt":"2023-07-28T17:22:36","guid":{"rendered":"https:\/\/hostnetart.com.br\/baixada\/caixa-atende-movimento-sindical-e-relanca-programa-de-diversidade\/"},"modified":"2023-07-28T14:22:36","modified_gmt":"2023-07-28T17:22:36","slug":"caixa-atende-movimento-sindical-e-relanca-programa-de-diversidade","status":"publish","type":"post","link":"https:\/\/hostnetart.com.br\/baixada\/caixa-atende-movimento-sindical-e-relanca-programa-de-diversidade\/","title":{"rendered":"Caixa atende movimento sindical e relan\u00e7a programa de diversidade"},"content":{"rendered":"<p>A Caixa Econ\u00f4mica Federal relan\u00e7ou, nesta quinta-feira (27), o Programa de Diversidade e Inclus\u00e3o Caixa, que visa fortalecer o di\u00e1logo com as empregadas e empregados e promover a\u00e7\u00f5es de inclus\u00e3o tendo como princ\u00edpio os eixos tem\u00e1ticos da equidade de g\u00eanero \u2013 mulheres na lideran\u00e7a, ra\u00e7a\/cor, geracional, pessoas com defici\u00eancia e LGBTQIAPN+.<\/p>\n<p>\u201cO programa de diversidade na Caixa j\u00e1 existiu durante a gest\u00e3o da Maria Fernanda e foi extinto nas \u00faltimas gest\u00f5es. Estamos retomando este programa e, at\u00e9 2026, queremos ter em cargos de chefia a mesma proporcionalidade de mulheres, negros, PCDs, ind\u00edgenas e LGBTQIA+ que temos no nosso quadro de pessoal. E tamb\u00e9m vamos debater a quest\u00e3o geracional\u201d, disse a presidenta da Caixa, Maria Rita Serrano.<\/p>\n<p>\u201cO respeito \u00e0 diversidade e a cria\u00e7\u00e3o das comiss\u00f5es espec\u00edficas sobre o tema \u00e9 uma reivindica\u00e7\u00e3o antiga do movimento sindical. Para n\u00f3s essa parceria com os sindicatos \u00e9 fundamental para caminharmos rumo a um banco plural, que respeita as diferen\u00e7as existentes na sociedade\u201d, ressaltou a presidenta da Caixa.<\/p>\n<p>O ministro chefe da Secretaria-Geral da Presid\u00eancia da Rep\u00fablica, M\u00e1rcio Mac\u00eado, lembrou que o Brasil \u00e9 um pa\u00eds constru\u00eddo estruturalmente com preconceito. \u201cA sociedade brasileira foi constru\u00edda em bases escravocratas, paternalistas, machistas, preconceituosas. N\u00f3s lutamos por um pa\u00eds diferente de tudo isso, que seja economicamente vi\u00e1vel, socialmente justo, politicamente democr\u00e1tico e ambientalmente sustent\u00e1vel\u201d, afirmou.<\/p>\n<p>Para a presidenta da Confedera\u00e7\u00e3o Nacional dos Trabalhadores do Ramo Financeiro (Contraf-CUT), Juvandia Moreira, o Programa de Diversidade e Inclus\u00e3o da Caixa \u00e9 um marco de luta antiga contra a discrimina\u00e7\u00e3o e o preconceito no mercado de trabalho. \u201cN\u00f3s, mulheres, tivemos que lutar at\u00e9 pelo direito de trabalhar. Por isso, estou muito feliz de estar aqui hoje, representando o movimento sindical, pois este \u00e9 um momento especial que marca mais uma etapa desta luta \u00e1rdua que \u00e9 a busca por igualdade\u201d, disse. \u201cMas, \u00e9 tamb\u00e9m uma vit\u00f3ria contra o retrocesso civilizat\u00f3rio que vivemos nos \u00faltimos quatro anos, com a reclus\u00e3o das pol\u00edticas de diversidade. Agora estamos retomando a reconstru\u00e7\u00e3o de um pa\u00eds feliz para todos e todas, com igualdade, sem discrimina\u00e7\u00e3o, com respeito e sem viol\u00eancia\u201d, continuou.<\/p>\n<p>Juvandia destacou ainda os avan\u00e7os obtidos na categoria gra\u00e7as \u00e0 conquista da Campanha Nacional dos Banc\u00e1rios de 2000, que foi a cria\u00e7\u00e3o da mesa de negocia\u00e7\u00f5es com os bancos sobre igualdade de oportunidades. \u201cDe l\u00e1 pra c\u00e1 j\u00e1 obtivemos muitos avan\u00e7os, mas ainda temos muito o que avan\u00e7ar, pois as banc\u00e1rias ainda t\u00eam sal\u00e1rios 22% menor do que os homens da categoria, e est\u00e3o na base da pir\u00e2mide da carreira\u201d, observou. \u201cPor isso, dou parab\u00e9ns \u00e0 Rita, aos minist\u00e9rios envolvidos e ao presidente Lula por colocar essa pauta na ordem do dia das pol\u00edticas no Brasil. Porque s\u00f3 vamos construir um pa\u00eds justo socialmente se combatermos as desigualdades em todos os aspectos\u201d, concluiu a presidenta da Contraf-CUT.<\/p>\n<p>Durante a cerim\u00f4nia, a Caixa assinou protocolo de inten\u00e7\u00f5es com o Minist\u00e9rio dos Direitos Humanos e da Cidadania (MDHC) com o intuito de promover a\u00e7\u00f5es de diversidade e formalizou parcerias com a Secretaria-Geral da Presid\u00eancia da Rep\u00fablica e com os minist\u00e9rios da Mulher (MM), da Igualdade Racial (MIR) e dos Povos Ind\u00edgenas (MPI), al\u00e9m de dar posse \u00e0s Comiss\u00f5es de Diversidade Caixa formadas com a participa\u00e7\u00e3o de entidades sindicais.<\/p>\n<p><b>Fonte: Contraf-CUT<\/b><\/p>\n","protected":false},"excerpt":{"rendered":"<p>A Caixa Econ\u00f4mica Federal relan\u00e7ou, nesta quinta-feira (27), o Programa de Diversidade e Inclus\u00e3o Caixa, que visa fortalecer o di\u00e1logo com as empregadas e empregados e promover a\u00e7\u00f5es de inclus\u00e3o tendo como princ\u00edpio os eixos tem\u00e1ticos da equidade de g\u00eanero \u2013 mulheres na lideran\u00e7a, ra\u00e7a\/cor, geracional, pessoas com defici\u00eancia e LGBTQIAPN+. \u201cO programa de diversidade [&hellip;]<\/p>\n","protected":false},"author":2,"featured_media":14346,"comment_status":"","ping_status":"","sticky":false,"template":"","format":"standard","meta":{"footnotes":""},"categories":[3],"tags":[],"class_list":["post-14347","post","type-post","status-publish","format-standard","has-post-thumbnail","hentry","category-noticias"],"_links":{"self":[{"href":"https:\/\/hostnetart.com.br\/baixada\/wp-json\/wp\/v2\/posts\/14347","targetHints":{"allow":["GET"]}}],"collection":[{"href":"https:\/\/hostnetart.com.br\/baixada\/wp-json\/wp\/v2\/posts"}],"about":[{"href":"https:\/\/hostnetart.com.br\/baixada\/wp-json\/wp\/v2\/types\/post"}],"author":[{"embeddable":true,"href":"https:\/\/hostnetart.com.br\/baixada\/wp-json\/wp\/v2\/users\/2"}],"replies":[{"embeddable":true,"href":"https:\/\/hostnetart.com.br\/baixada\/wp-json\/wp\/v2\/comments?post=14347"}],"version-history":[{"count":0,"href":"https:\/\/hostnetart.com.br\/baixada\/wp-json\/wp\/v2\/posts\/14347\/revisions"}],"wp:featuredmedia":[{"embeddable":true,"href":"https:\/\/hostnetart.com.br\/baixada\/wp-json\/wp\/v2\/media\/14346"}],"wp:attachment":[{"href":"https:\/\/hostnetart.com.br\/baixada\/wp-json\/wp\/v2\/media?parent=14347"}],"wp:term":[{"taxonomy":"category","embeddable":true,"href":"https:\/\/hostnetart.com.br\/baixada\/wp-json\/wp\/v2\/categories?post=14347"},{"taxonomy":"post_tag","embeddable":true,"href":"https:\/\/hostnetart.com.br\/baixada\/wp-json\/wp\/v2\/tags?post=14347"}],"curies":[{"name":"wp","href":"https:\/\/api.w.org\/{rel}","templated":true}]}}