{"id":14345,"date":"2023-07-27T13:58:56","date_gmt":"2023-07-27T16:58:56","guid":{"rendered":"https:\/\/hostnetart.com.br\/baixada\/sindicato-dos-bancarios-da-baixada-fluminense-consegue-anular-demissao-de-funcionario-do-bradesco\/"},"modified":"2023-07-27T13:58:56","modified_gmt":"2023-07-27T16:58:56","slug":"sindicato-dos-bancarios-da-baixada-fluminense-consegue-anular-demissao-de-funcionario-do-bradesco","status":"publish","type":"post","link":"https:\/\/hostnetart.com.br\/baixada\/sindicato-dos-bancarios-da-baixada-fluminense-consegue-anular-demissao-de-funcionario-do-bradesco\/","title":{"rendered":"Sindicato dos Banc\u00e1rios da Baixada Fluminense consegue anular demiss\u00e3o de funcion\u00e1rio do Bradesco"},"content":{"rendered":"<p>Na \u00faltima ter\u00e7a-feira, 25 de julho, o Sindicato dos Banc\u00e1rios da Baixada Fluminense obteve mais um grande vit\u00f3ria: a anula\u00e7\u00e3o da demiss\u00e3o de um funcion\u00e1rio do Banco Bradesco, ap\u00f3s decis\u00e3o da 8\u00aa Turma do Tribunal Regional do Trabalho \u2013 1\u00aa Regi\u00e3o.<\/p>\n<p>Jorge Luis Ferreira Lobato havia sido demitido, pela primeira vez, em 2020. Logo ap\u00f3s, foi reintegrado. Entretanto, o banco o demitiu novamente em 2021.<\/p>\n<p>Com a nova decis\u00e3o, foi comprovado que n\u00e3o houve, por parte do banc\u00e1rio, nenhuma falta grave, nenhum ato de insubordina\u00e7\u00e3o ou indisciplina \u00e0s normas internas do banco.<\/p>\n<p>Sendo assim, sua demiss\u00e3o foi anulada, juntamente com o pagamento de sal\u00e1rios e demais direitos trabalhistas, inclusive, de danos morais.<\/p>\n<p>Os diretores R\u00fabio Barros, Renata Soeiro e Pedro Batista, acompanharam a comunica\u00e7\u00e3o da decis\u00e3o ao banc\u00e1rio na Sub-Sede do Sindicato, em Nova Igua\u00e7u.<\/p>\n<p>Jorge Luis agradeceu o apoio e suporte: &#8220;Gostaria de agradecer a Deus que, nos momentos dif\u00edceis, me deu for\u00e7as para continuar. Tamb\u00e9m agradecer as pessoas que estiveram ao meu lado, ajudando, e n\u00e3o me deixando desistir. Passar por uma demiss\u00e3o, especialmente, ap\u00f3s tantos anos dedicados a uma empresa, pode ser uma experi\u00eancia extremamente desafiadora e emocionalmente abaladora. A depress\u00e3o \u00e9 uma doen\u00e7a s\u00e9ria e afeta muitas pessoas em situa\u00e7\u00f5es de estresse e adversidade. \u00c9 importante buscar apoio e tratamento adequado durante esses momentos. Encontrar for\u00e7as para superar essa fase e seguir em frente, requer muita luta. Isso s\u00f3 \u00e9 poss\u00edvel com o apoio dos familiares, companheiros e amigos. A injusti\u00e7a no local de trabalho pode ser devastadora, mas \u00e9 encorajador saber que voc\u00ea teve o apoio do Sindicato dos Banc\u00e1rios e de um advogado competente para reverter a situa\u00e7\u00e3o e restaurar minha dignidade. A luta por justi\u00e7a e pelo respeito aos direitos do trabalhador \u00e9 essencial para construir uma sociedade justa e humanizada. Apesar das dificuldades, o trabalhador \u00e9 uma pessoa valiosa e merecedora de respeito e dignidade. A vida pode nos apresentar desafios mas, com for\u00e7a, perseveran\u00e7a e o apoio daqueles que nos amam, podemos super\u00e1-los e encontrar um caminho melhor. Um lembrete importante: valorize a sa\u00fade mental e o bem-estar emocional, al\u00e9m de destacar a necessidade cont\u00ednua de lutar por condi\u00e7\u00f5es de trabalho justas e respeitosas. Para encerrar, gostaria de exaltar mais uma vez o apoio que recebi do Sindicato, em especial na Sub-Sede de Nova Igua\u00e7u, que esteve sempre ao meu lado. E ao Dr. Luiz Paulo, que lutou bastante para conseguir reverter a injusti\u00e7a de uma demiss\u00e3o arbitr\u00e1ria, com intuito de vingan\u00e7a, face a revers\u00e3o e reintegra\u00e7\u00e3o ocorrido pela primeira demiss\u00e3o. Que minha hist\u00f3ria inspire outras pessoas a persistirem em busca de seus direitos, que tenham a certeza que podemos contar com o nosso Sindicato, pois todos que l\u00e1 est\u00e3o, s\u00e3o profissionais, \u00edntegros, competentes, e de um valor humano indescrit\u00edvel. Em toda minha caminhada, pude sempre contar com meus amigos do Sindicato: me orientando, motivando e me fazendo acreditar que a injusti\u00e7a seria reparada.&#8221;<\/p>\n<p><span style=\"text-decoration: underline;\">IMPORTANTE<\/span><\/p>\n<p>O trabalhador banc\u00e1rio \u00e9 sindicalizado e, logo ap\u00f3s seu desligamento, procurou atendimento no Sindicato dos Banc\u00e1rios da Baixada Fluminense, onde foi prontamente atendido pelo Departamento Jur\u00eddico, atrav\u00e9s do advogado Luiz Paulo do Escrit\u00f3rio Baptista &amp; Reis Advogados Associados, e pelo Departamento de Sa\u00fade.<\/p>\n<p>\u00c9 fundamental que banc\u00e1rias e banc\u00e1rios, logo que sejam informados de suas demiss\u00f5es, procurem imediatamente atendimento no Sindicato.<\/p>\n<p><span style=\"text-decoration: underline;\">ATENDIMENTO JUR\u00cdDICO PRESENCIAL<\/span><\/p>\n<p>Nova Igua\u00e7u &#8211; \u00e0s ter\u00e7as-feiras, das 11 horas \u00e0s 17 horas \/ intervalo para almo\u00e7o das 13 horas \u00e0s 14 horas (telefone: 21 &#8211; 2658-8041)<\/p>\n<p>Duque de Caxias &#8211; \u00e0s quintas-feiras, das 10 horas \u00e0s 13 horas (telefone: 21 \/ 26710-110)<\/p>\n<p><strong>SINDICALIZE-SE<\/strong><\/p>\n","protected":false},"excerpt":{"rendered":"<p>Na \u00faltima ter\u00e7a-feira, 25 de julho, o Sindicato dos Banc\u00e1rios da Baixada Fluminense obteve mais um grande vit\u00f3ria: a anula\u00e7\u00e3o da demiss\u00e3o de um funcion\u00e1rio do Banco Bradesco, ap\u00f3s decis\u00e3o da 8\u00aa Turma do Tribunal Regional do Trabalho \u2013 1\u00aa Regi\u00e3o. Jorge Luis Ferreira Lobato havia sido demitido, pela primeira vez, em 2020. Logo ap\u00f3s, [&hellip;]<\/p>\n","protected":false},"author":2,"featured_media":14344,"comment_status":"","ping_status":"","sticky":false,"template":"","format":"standard","meta":{"footnotes":""},"categories":[3],"tags":[],"class_list":["post-14345","post","type-post","status-publish","format-standard","has-post-thumbnail","hentry","category-noticias"],"_links":{"self":[{"href":"https:\/\/hostnetart.com.br\/baixada\/wp-json\/wp\/v2\/posts\/14345","targetHints":{"allow":["GET"]}}],"collection":[{"href":"https:\/\/hostnetart.com.br\/baixada\/wp-json\/wp\/v2\/posts"}],"about":[{"href":"https:\/\/hostnetart.com.br\/baixada\/wp-json\/wp\/v2\/types\/post"}],"author":[{"embeddable":true,"href":"https:\/\/hostnetart.com.br\/baixada\/wp-json\/wp\/v2\/users\/2"}],"replies":[{"embeddable":true,"href":"https:\/\/hostnetart.com.br\/baixada\/wp-json\/wp\/v2\/comments?post=14345"}],"version-history":[{"count":0,"href":"https:\/\/hostnetart.com.br\/baixada\/wp-json\/wp\/v2\/posts\/14345\/revisions"}],"wp:featuredmedia":[{"embeddable":true,"href":"https:\/\/hostnetart.com.br\/baixada\/wp-json\/wp\/v2\/media\/14344"}],"wp:attachment":[{"href":"https:\/\/hostnetart.com.br\/baixada\/wp-json\/wp\/v2\/media?parent=14345"}],"wp:term":[{"taxonomy":"category","embeddable":true,"href":"https:\/\/hostnetart.com.br\/baixada\/wp-json\/wp\/v2\/categories?post=14345"},{"taxonomy":"post_tag","embeddable":true,"href":"https:\/\/hostnetart.com.br\/baixada\/wp-json\/wp\/v2\/tags?post=14345"}],"curies":[{"name":"wp","href":"https:\/\/api.w.org\/{rel}","templated":true}]}}