{"id":14341,"date":"2023-07-26T15:04:32","date_gmt":"2023-07-26T18:04:32","guid":{"rendered":"https:\/\/hostnetart.com.br\/baixada\/afastamento-por-acidente-de-trabalho-atingiu-recorde-historico-na-caixa-em-2022\/"},"modified":"2023-07-26T15:04:32","modified_gmt":"2023-07-26T18:04:32","slug":"afastamento-por-acidente-de-trabalho-atingiu-recorde-historico-na-caixa-em-2022","status":"publish","type":"post","link":"https:\/\/hostnetart.com.br\/baixada\/afastamento-por-acidente-de-trabalho-atingiu-recorde-historico-na-caixa-em-2022\/","title":{"rendered":"Afastamento por acidente de trabalho atingiu recorde hist\u00f3rico na Caixa em 2022"},"content":{"rendered":"<p>A\u00a0<a href=\"https:\/\/www1.folha.uol.com.br\/colunas\/monicabergamo\/2023\/07\/caixa-registra-recorde-de-afastamentos-em-2022-puxado-por-adoecimento-mental-diz-estudo.shtml?utm_source=sharenativo&amp;utm_medium=social&amp;utm_campaign=sharenativo\">Folha de S. Paulo publicou<\/a>\u00a0na coluna da M\u00f4nica Bergamo de domingo (23) um levantamento realizado pelo Departamento Intersindical de Estat\u00edstica e Estudos Socioecon\u00f4micos (Dieese) a pedido da Federa\u00e7\u00e3o Nacional das Associa\u00e7\u00f5es do Pessoal da Caixa (Fenae), que revela um preocupante aumento no n\u00famero de afastamentos por acidente de trabalho na Caixa em 2022.<\/p>\n<p>Segundo o Dieese, foram 524 empregados afastados \u2013 o maior n\u00famero registrado desde o in\u00edcio da s\u00e9rie hist\u00f3rica, em 2012, com 426 afastamentos. A colunista destaca que uma parcela significativa desses afastamentos est\u00e1 relacionada a problemas de sa\u00fade mental, representando 75% dos casos de acidentes de trabalho em 2022.<\/p>\n<p>\u201cO \u00edndice elevado acendeu um alerta na Fenae: em 2012, os afastamentos causados por quest\u00f5es psicol\u00f3gicas representavam apenas 39,4% dos casos\u201d, observou o jornal.<\/p>\n<p>A Folha tamb\u00e9m informou outro dado preocupante do levantamento \u2013 os afastamentos por transtornos mentais dos empregados do banco p\u00fablico s\u00e3o mais expressivos do que em toda a categoria banc\u00e1ria, onde o percentual chegou a 57,1% no ano passado. Essa discrep\u00e2ncia se torna ainda mais evidente quando comparada ao mercado de trabalho em geral, que registrou um \u00edndice de 6,7%.<\/p>\n<p>O ve\u00edculo destacou a opini\u00e3o do presidente da Fenae, Sergio Takemoto. Para ele, a gest\u00e3o de Pedro Guimar\u00e3es \u00e9 um dos fatores que contribu\u00edram para o expressivo aumento de afastamentos por adoecimento mental. \u201cA gest\u00e3o de medo e ass\u00e9dio causou adoecimento e sofrimento entre os empregados\u201d, disse Takemoto \u00e0 Folha.<\/p>\n<p>Embora Takemoto reconhe\u00e7a a mudan\u00e7a positiva no clima organizacional com a nova gest\u00e3o do banco, com maior abertura para discutir e melhorar as condi\u00e7\u00f5es de trabalho, ainda h\u00e1 mudan\u00e7as a serem feitas. \u201cA cobran\u00e7a por metas abusivas ainda \u00e9 um ponto cr\u00edtico no banco, causando o adoecimento psicol\u00f3gico aos empregados\u201d, afirmou.<\/p>\n<p><strong>Fonte:<\/strong>\u00a0<a href=\"https:\/\/www.fenae.org.br\/portal\/fenae-portal\/afastamento-por-acidente-de-trabalho-atinge-recorde-historico-na-caixa-em-2022.htm\">Fenae<\/a><\/p>\n","protected":false},"excerpt":{"rendered":"<p>A\u00a0Folha de S. Paulo publicou\u00a0na coluna da M\u00f4nica Bergamo de domingo (23) um levantamento realizado pelo Departamento Intersindical de Estat\u00edstica e Estudos Socioecon\u00f4micos (Dieese) a pedido da Federa\u00e7\u00e3o Nacional das Associa\u00e7\u00f5es do Pessoal da Caixa (Fenae), que revela um preocupante aumento no n\u00famero de afastamentos por acidente de trabalho na Caixa em 2022. Segundo o [&hellip;]<\/p>\n","protected":false},"author":2,"featured_media":14340,"comment_status":"","ping_status":"","sticky":false,"template":"","format":"standard","meta":{"footnotes":""},"categories":[3],"tags":[],"class_list":["post-14341","post","type-post","status-publish","format-standard","has-post-thumbnail","hentry","category-noticias"],"_links":{"self":[{"href":"https:\/\/hostnetart.com.br\/baixada\/wp-json\/wp\/v2\/posts\/14341","targetHints":{"allow":["GET"]}}],"collection":[{"href":"https:\/\/hostnetart.com.br\/baixada\/wp-json\/wp\/v2\/posts"}],"about":[{"href":"https:\/\/hostnetart.com.br\/baixada\/wp-json\/wp\/v2\/types\/post"}],"author":[{"embeddable":true,"href":"https:\/\/hostnetart.com.br\/baixada\/wp-json\/wp\/v2\/users\/2"}],"replies":[{"embeddable":true,"href":"https:\/\/hostnetart.com.br\/baixada\/wp-json\/wp\/v2\/comments?post=14341"}],"version-history":[{"count":0,"href":"https:\/\/hostnetart.com.br\/baixada\/wp-json\/wp\/v2\/posts\/14341\/revisions"}],"wp:featuredmedia":[{"embeddable":true,"href":"https:\/\/hostnetart.com.br\/baixada\/wp-json\/wp\/v2\/media\/14340"}],"wp:attachment":[{"href":"https:\/\/hostnetart.com.br\/baixada\/wp-json\/wp\/v2\/media?parent=14341"}],"wp:term":[{"taxonomy":"category","embeddable":true,"href":"https:\/\/hostnetart.com.br\/baixada\/wp-json\/wp\/v2\/categories?post=14341"},{"taxonomy":"post_tag","embeddable":true,"href":"https:\/\/hostnetart.com.br\/baixada\/wp-json\/wp\/v2\/tags?post=14341"}],"curies":[{"name":"wp","href":"https:\/\/api.w.org\/{rel}","templated":true}]}}