{"id":1434,"date":"2013-08-23T00:00:00","date_gmt":"2013-08-23T03:00:00","guid":{"rendered":"https:\/\/hostnetart.com.br\/baixada\/bancario-e-vigilante-mortos-foram-vitimas-do-descaso-com-seguranca\/"},"modified":"2013-08-23T00:00:00","modified_gmt":"2013-08-23T03:00:00","slug":"bancario-e-vigilante-mortos-foram-vitimas-do-descaso-com-seguranca","status":"publish","type":"post","link":"https:\/\/hostnetart.com.br\/baixada\/bancario-e-vigilante-mortos-foram-vitimas-do-descaso-com-seguranca\/","title":{"rendered":"Banc\u00e1rio e vigilante mortos foram v\u00edtimas do descaso com seguran\u00e7a"},"content":{"rendered":"<p>O assalto ao PAB da usina nuclear de Angra dos Reis (RJ), na tarde de quarta-feira, dia 21, que terminou com as mortes da vigilante Ver\u00f4nica Soares, de 24 anos, e do banc\u00e1rio Igor Henrique Batista Alves da Silva, de 22, exp\u00f5e uma variada gama de irregularidades no funcionamento da unidade. O posto, vinculado \u00e0 ag\u00eancia de Praia Brava, tinha apenas quatro meses de funcionamento e operava somente com um banc\u00e1rio e um vigilante.<\/p>\n<p>\u00a0<\/p>\n<p>Clique\u00a0<a href=\"http:\/\/www.contrafcut.org.br\/noticias.asp?CodNoticia=35446\" target=\"_blank\" rel=\"noopener noreferrer\">aqui<\/a>\u00a0para saber mais sobre o assalto.<\/p>\n<p>\u00a0<\/p>\n<p>As irregularidades s\u00e3o muitas. \u201cO erro come\u00e7a j\u00e1 no layout do posto, que tinha porta voltada para fora da usina. Al\u00e9m de atender aos funcion\u00e1rios da empresa \u2013 como determina a norma de funcionamento dos PABs \u2013 o posto atendia tamb\u00e9m a clientes comuns\u201d, destaca Paulo Garcez, diretor da Federa\u00e7\u00e3o dos Banc\u00e1rios do Rio e Esp\u00edrito Santo.<\/p>\n<p>\u00a0<\/p>\n<p>Outra irregularidade dizia respeito ao acesso do banc\u00e1rio morto \u00e0s informa\u00e7\u00f5es. \u201cO Igor era caixa, n\u00e3o era gerente, nem coordenador. Ele n\u00e3o podia ter senha do cofre. Mas, como ele era o \u00fanico banc\u00e1rio que trabalhava no local, tinha acesso ao c\u00f3digo\u201d, acrescenta o dirigente sindical.<\/p>\n<p>\u00a0<\/p>\n<p>A circula\u00e7\u00e3o de pessoas no local tamb\u00e9m j\u00e1 havia mudado neste curto per\u00edodo de funcionamento. Inicialmente, o PAB serviria somente aos funcion\u00e1rios da pr\u00f3pria usina.<\/p>\n<p>\u00a0<\/p>\n<p>\u201cOs trabalhadores de constru\u00e7\u00e3o civil que atuam na obra da usina de Angra 3 seriam pagos na ag\u00eancia de Praia Brava. Mas houve uma mudan\u00e7a e eles passaram a receber pelo PAB tamb\u00e9m. No dia do pagamento, o movimento era enorme, lembra Jorge Raimundo, diretor do Sindicato dos Banc\u00e1rios de Angra dos Reis, que acompanha o desdobramento dos fatos.<\/p>\n<p>\u00a0<\/p>\n<p>Segundo a assessoria de imprensa da Eletronuclear, como o PAB fica dentro do terreno da usina, mas a porta \u00e9 voltada para fora, a empresa n\u00e3o responsabiliza pela seguran\u00e7a, que seria encargo da pol\u00edcia militar. Em curt\u00edssima nota, a dire\u00e7\u00e3o da Eletronuclear lamenta o ocorrido, mas ressalta que o estabelecimento banc\u00e1rio fica fora de seu per\u00edmetro de seguran\u00e7a nuclear.<\/p>\n<p>\u00a0<\/p>\n<p>\u00a0<\/p>\n<p><strong>Novo, mas j\u00e1 violado<\/strong><\/p>\n<p>\u00a0<\/p>\n<p>Mesmo novo, o PAB j\u00e1 havia sofrido outra a\u00e7\u00e3o de ladr\u00f5es, h\u00e1 cerca de 20 dias, quando malotes contendo R$ 150 mil foram levados. A a\u00e7\u00e3o aconteceu durante o procedimento de abastecimento do caixa eletr\u00f4nico que fica dentro da usina, fora do PAB.<\/p>\n<p>\u00a0<\/p>\n<p>Como a Eletronuclear n\u00e3o permitia o ingresso do carro forte em suas depend\u00eancias, um banc\u00e1rio tinha que pegar os malotes no PAB, coloc\u00e1-los em seu carro e entrar nas depend\u00eancias da empresa para levar o dinheiro at\u00e9 o caixa eletr\u00f4nico. Neste trajeto, foi rendido pelos assaltantes.<\/p>\n<p>\u00a0<\/p>\n<p>Na ocasi\u00e3o, o vigilante que atuava no PAB se queixou da seguran\u00e7a prec\u00e1ria para Jorge Raimundo. \u201cO rapaz me disse que a visibilidade era muito ruim, por causa dos vidros e das persianas. De dentro do PAB ele n\u00e3o conseguia ver o que se passava fora, e isso o deixava inseguro. Ele me disse que, se algu\u00e9m tentasse assaltar o posto, seria pego de surpresa\u201d, relata o sindicalista.<\/p>\n<p>\u00a0<\/p>\n<p>O Sindicato fez a sua parte, mas o banco, n\u00e3o. \u201cQuando ocorreu o assalto anterior comunicamos ao Santander as p\u00e9ssimas condi\u00e7\u00f5es de seguran\u00e7a. A porta n\u00e3o \u00e9 girat\u00f3ria nem tem detector de metais. A unidade \u00e9 vulner\u00e1vel, fica do lado de fora de Angra 3. Ent\u00e3o \u00e9 uma \u00e1rea de livre acesso. Os assaltantes entraram sem dificuldades e mataram os dois\u201d, lamentou o presidente do Sindicato, Rog\u00e9rio Salvador.<\/p>\n<p>\u00a0<\/p>\n<p>\u00a0<\/p>\n<p><strong>Dif\u00edcil investigar<\/strong><\/p>\n<p>\u00a0<\/p>\n<p>A falta de seguran\u00e7a no local n\u00e3o s\u00f3 facilita a a\u00e7\u00e3o dos bandidos, mas tamb\u00e9m dificulta as investiga\u00e7\u00f5es. \u201c\u00c9 f\u00e1cil entrar numa ag\u00eancia que s\u00f3 tem uma vigilante e sem porta girat\u00f3ria com detector de metais. Mas, como n\u00e3o h\u00e1 c\u00e2meras, \u00e9 muito dif\u00edcil identificar os assaltantes. A pol\u00edcia esteve no PAB at\u00e9 tarde no dia do crime, fazendo per\u00edcia e colhendo impress\u00f5es digitais. Agora temos que esperar o resultado das investiga\u00e7\u00f5es\u201d, informa Jorge Raimundo.<\/p>\n<p>\u00a0<\/p>\n<p>Quanto ao plano de seguran\u00e7a do PAB, sem o qual a nenhum estabelecimento banc\u00e1rio pode funcionar, ningu\u00e9m sabe dizer ao certo. O Santander afirma que existe, mas o sindicato nunca o viu. S\u00f3 o que a entidade ouviu foram promessas.<\/p>\n<p>\u00a0<\/p>\n<p>\u201cQuando houve o roubo do malote, a seguran\u00e7a do banco esteve aqui e disse que instalaria mais dispositivos de seguran\u00e7a. Mas isso n\u00e3o aconteceu ainda e, infelizmente, a consequ\u00eancia foi a morte de dois trabalhadores\u201d, lastima Jorge Raimundo.<\/p>\n<p>\u00a0<\/p>\n<p>\u00a0<\/p>\n<p><strong>Luto e luta<\/strong><\/p>\n<p>\u00a0<\/p>\n<p>Em sinal de respeito pela morte de Ver\u00f4nica e Igor, ag\u00eancias do Santander do centro de Angra, de Praia Brava e de Mambucaba n\u00e3o abriram na quinta-feira, dia 22.<\/p>\n<p>\u00a0<\/p>\n<p>\u201cO PAB tamb\u00e9m ficou fechado, n\u00e3o h\u00e1 nenhuma condi\u00e7\u00e3o da unidade funcionar\u201d, informa Rog\u00e9rio Salvador. Acompanhando o luto da Costa Verde, os Sindicatos da Baixada Fluminense e Petr\u00f3polis tamb\u00e9m concentraram as a\u00e7\u00f5es do Dia Nacional de Luta dos banc\u00e1rios a unidades do Santander.<\/p>\n<p>\u00a0<\/p>\n<p>O sepultamento de Ver\u00f4nica deve ocorrer no cemit\u00e9rio da Vila Hist\u00f3rica de Mambucaba, onde a vigilante morava. O corpo de Igor ser\u00e1 trasladado para Volta Redonda, cidade onde reside sua fam\u00edlia, e dever\u00e1 ser sepultado nesta sexta-feira, dia 23.<\/p>\n<p>\u00a0<\/p>\n<p>O Santander emitiu uma nota de tr\u00eas linhas lamentando o ocorrido e informando que est\u00e1 prestando assist\u00eancia \u00e0s fam\u00edlias das v\u00edtimas e colaborando com as investiga\u00e7\u00f5es.<\/p>\n<p>\u00a0<\/p>\n<p>Fonte: Contraf-CUT com Fetraf RJ-ES<\/p>\n","protected":false},"excerpt":{"rendered":"<p>O assalto ao PAB da usina nuclear de Angra dos Reis (RJ), na tarde de quarta-feira, dia 21, que terminou com as mortes da vigilante Ver\u00f4nica Soares, de 24 anos, e do banc\u00e1rio Igor Henrique Batista Alves da Silva, de 22, exp\u00f5e uma variada gama de irregularidades no funcionamento da unidade. O posto, vinculado \u00e0 [&hellip;]<\/p>\n","protected":false},"author":1,"featured_media":0,"comment_status":"","ping_status":"","sticky":false,"template":"","format":"standard","meta":{"footnotes":""},"categories":[3],"tags":[],"class_list":["post-1434","post","type-post","status-publish","format-standard","hentry","category-noticias"],"_links":{"self":[{"href":"https:\/\/hostnetart.com.br\/baixada\/wp-json\/wp\/v2\/posts\/1434","targetHints":{"allow":["GET"]}}],"collection":[{"href":"https:\/\/hostnetart.com.br\/baixada\/wp-json\/wp\/v2\/posts"}],"about":[{"href":"https:\/\/hostnetart.com.br\/baixada\/wp-json\/wp\/v2\/types\/post"}],"author":[{"embeddable":true,"href":"https:\/\/hostnetart.com.br\/baixada\/wp-json\/wp\/v2\/users\/1"}],"replies":[{"embeddable":true,"href":"https:\/\/hostnetart.com.br\/baixada\/wp-json\/wp\/v2\/comments?post=1434"}],"version-history":[{"count":0,"href":"https:\/\/hostnetart.com.br\/baixada\/wp-json\/wp\/v2\/posts\/1434\/revisions"}],"wp:attachment":[{"href":"https:\/\/hostnetart.com.br\/baixada\/wp-json\/wp\/v2\/media?parent=1434"}],"wp:term":[{"taxonomy":"category","embeddable":true,"href":"https:\/\/hostnetart.com.br\/baixada\/wp-json\/wp\/v2\/categories?post=1434"},{"taxonomy":"post_tag","embeddable":true,"href":"https:\/\/hostnetart.com.br\/baixada\/wp-json\/wp\/v2\/tags?post=1434"}],"curies":[{"name":"wp","href":"https:\/\/api.w.org\/{rel}","templated":true}]}}