{"id":14337,"date":"2023-07-26T15:01:19","date_gmt":"2023-07-26T18:01:19","guid":{"rendered":"https:\/\/hostnetart.com.br\/baixada\/a-caixa-e-do-brasil-e-nao-moeda-de-troca-politica\/"},"modified":"2023-07-26T15:01:19","modified_gmt":"2023-07-26T18:01:19","slug":"a-caixa-e-do-brasil-e-nao-moeda-de-troca-politica","status":"publish","type":"post","link":"https:\/\/hostnetart.com.br\/baixada\/a-caixa-e-do-brasil-e-nao-moeda-de-troca-politica\/","title":{"rendered":"A Caixa \u00e9 do Brasil e n\u00e3o moeda de troca pol\u00edtica"},"content":{"rendered":"<p>A Caixa Econ\u00f4mica Federal tem papel central na realiza\u00e7\u00e3o e manuten\u00e7\u00e3o do processo de desenvolvimento econ\u00f4mico e regional do pa\u00eds. Por isso, a Confedera\u00e7\u00e3o Nacional dos Trabalhadores do Ramo Financeiro (Contraf-CUT) observa com preocupa\u00e7\u00e3o a retomada da press\u00e3o feita pelo chamado bloco Centr\u00e3o, no Congresso, sobre o governo federal, para assumir o controle da institui\u00e7\u00e3o.<\/p>\n<p>Banco p\u00fablico \u00e9 sin\u00f4nimo de cr\u00e9dito mais acess\u00edvel e com percentual justo para fam\u00edlias e atividades que necessitam de expans\u00e3o e que geram emprego e renda, e n\u00e3o de moeda de troca com grupos que sempre atuaram em sentido contr\u00e1rio, pela manuten\u00e7\u00e3o do coronelismo e da concentra\u00e7\u00e3o de renda.<\/p>\n<p>Refor\u00e7amos nossa defesa da Caixa como banco p\u00fablico, que priorize a participa\u00e7\u00e3o feminina em cargos lideran\u00e7a, como tamb\u00e9m de profissionais de carreira, conhecedores de sua estrutura e da sua miss\u00e3o, que \u00e9 fomentar a inclus\u00e3o social e o desenvolvimento do pa\u00eds, para que possamos deixar, definitivamente, no passado as consequ\u00eancias das pr\u00e1ticas do velho poder pol\u00edtico, que s\u00e3o o atraso econ\u00f4mico, as desigualdades regionais e a concentra\u00e7\u00e3o de renda.<\/p>\n<p>Recha\u00e7amos com veem\u00eancia o ataque do Centr\u00e3o aos cargos ocupados por mulheres. Chega de viol\u00eancia pol\u00edtica, de viol\u00eancia dom\u00e9stica, de sal\u00e1rios menores e de invisibilidade. As mulheres representam metade da popula\u00e7\u00e3o brasileira, e exigimos que elas estejam em todos os espa\u00e7os da sociedade brasileira, inclusive na constru\u00e7\u00e3o e no exerc\u00edcio da pol\u00edtica.<\/p>\n<p><em>Confedera\u00e7\u00e3o Nacional dos Trabalhadores do Ramo Financeiro (Contraf-CUT).<\/em><\/p>\n","protected":false},"excerpt":{"rendered":"<p>A Caixa Econ\u00f4mica Federal tem papel central na realiza\u00e7\u00e3o e manuten\u00e7\u00e3o do processo de desenvolvimento econ\u00f4mico e regional do pa\u00eds. Por isso, a Confedera\u00e7\u00e3o Nacional dos Trabalhadores do Ramo Financeiro (Contraf-CUT) observa com preocupa\u00e7\u00e3o a retomada da press\u00e3o feita pelo chamado bloco Centr\u00e3o, no Congresso, sobre o governo federal, para assumir o controle da institui\u00e7\u00e3o. [&hellip;]<\/p>\n","protected":false},"author":2,"featured_media":14336,"comment_status":"","ping_status":"","sticky":false,"template":"","format":"standard","meta":{"footnotes":""},"categories":[3],"tags":[],"class_list":["post-14337","post","type-post","status-publish","format-standard","has-post-thumbnail","hentry","category-noticias"],"_links":{"self":[{"href":"https:\/\/hostnetart.com.br\/baixada\/wp-json\/wp\/v2\/posts\/14337","targetHints":{"allow":["GET"]}}],"collection":[{"href":"https:\/\/hostnetart.com.br\/baixada\/wp-json\/wp\/v2\/posts"}],"about":[{"href":"https:\/\/hostnetart.com.br\/baixada\/wp-json\/wp\/v2\/types\/post"}],"author":[{"embeddable":true,"href":"https:\/\/hostnetart.com.br\/baixada\/wp-json\/wp\/v2\/users\/2"}],"replies":[{"embeddable":true,"href":"https:\/\/hostnetart.com.br\/baixada\/wp-json\/wp\/v2\/comments?post=14337"}],"version-history":[{"count":0,"href":"https:\/\/hostnetart.com.br\/baixada\/wp-json\/wp\/v2\/posts\/14337\/revisions"}],"wp:featuredmedia":[{"embeddable":true,"href":"https:\/\/hostnetart.com.br\/baixada\/wp-json\/wp\/v2\/media\/14336"}],"wp:attachment":[{"href":"https:\/\/hostnetart.com.br\/baixada\/wp-json\/wp\/v2\/media?parent=14337"}],"wp:term":[{"taxonomy":"category","embeddable":true,"href":"https:\/\/hostnetart.com.br\/baixada\/wp-json\/wp\/v2\/categories?post=14337"},{"taxonomy":"post_tag","embeddable":true,"href":"https:\/\/hostnetart.com.br\/baixada\/wp-json\/wp\/v2\/tags?post=14337"}],"curies":[{"name":"wp","href":"https:\/\/api.w.org\/{rel}","templated":true}]}}