{"id":14331,"date":"2023-07-26T14:54:36","date_gmt":"2023-07-26T17:54:36","guid":{"rendered":"https:\/\/hostnetart.com.br\/baixada\/comites-de-luta-se-mobilizam-contra-os-juros-altos\/"},"modified":"2023-07-26T14:54:36","modified_gmt":"2023-07-26T17:54:36","slug":"comites-de-luta-se-mobilizam-contra-os-juros-altos","status":"publish","type":"post","link":"https:\/\/hostnetart.com.br\/baixada\/comites-de-luta-se-mobilizam-contra-os-juros-altos\/","title":{"rendered":"Comit\u00eas de Luta se mobilizam contra os juros altos"},"content":{"rendered":"<p>Os Comit\u00eas Populares de Luta realizam, nos dias anteriores \u00e0 pr\u00f3xima reuni\u00e3o do Comit\u00ea de Pol\u00edtica Monet\u00e1ria (Copom), o Mutir\u00e3o Contra os Juros, para pressionar o presidente do Banco Central (BC), Roberto Campos Neto, a baixar a taxa b\u00e1sica de juros Selic, hoje em 13,75% ao ano. O Copom se re\u00fane nos pr\u00f3ximos dias 1\u00ba e 2 de agosto.<\/p>\n<p>O vice-presidente da Confedera\u00e7\u00e3o Nacional dos Trabalhadores do Ramos Financeiro (Contraf-CUT), Vin\u00edcius Assump\u00e7\u00e3o, que atua na coordena\u00e7\u00e3o dos Comit\u00eas de Luta dos Banc\u00e1rios, antecipa que \u201cos banc\u00e1rios estar\u00e3o no Mutir\u00e3o, com toda sua for\u00e7a, como sempre, para defender a queda dos juros, pois \u00e9 isso que Brasil precisa e exige\u201d.<\/p>\n<h3><strong>Capacidade de mobiliza\u00e7\u00e3o<\/strong><\/h3>\n<p>Vin\u00edcius ressalta que \u201ca categoria banc\u00e1ria tem uma organiza\u00e7\u00e3o muito bem estruturada em todo o pa\u00eds, com tradi\u00e7\u00e3o de organiza\u00e7\u00e3o e trabalho conjunto, e vamos engrossar o coro pelos juros baixos j\u00e1. O presidente do BC precisa atender a essa demanda que \u00e9 dos trabalhadores e tamb\u00e9m dos setores produtivos. Se n\u00e3o, deve sair\u201d.<\/p>\n<p>Nas manifesta\u00e7\u00f5es anteriores pela queda dos juros, que t\u00eam acontecido desde fevereiro, o dirigente lembra que \u201ca categoria banc\u00e1ria j\u00e1 demonstrou que tem papel fundamental nessa luta pela retomada do crescimento econ\u00f4mico, pela sua for\u00e7a, por estar presente em praticamente todas as localidades e pela capacidade de mobiliza\u00e7\u00e3o. Desta vez, n\u00e3o ser\u00e1 diferente\u201d.<\/p>\n<h3><strong>Pela retomada do crescimento<\/strong><\/h3>\n<p>Com a Selic em 13,75%, descontado o \u00edndice da infla\u00e7\u00e3o, o Brasil mant\u00e9m o maior n\u00edvel de juro real do mundo, ao redor de 9,4%. As taxas t\u00e3o elevadas assim puxam as atividades econ\u00f4micas para baixo e impedem a gera\u00e7\u00e3o de emprego e renda.<\/p>\n<p>Como ressalta a presidenta da Contraf-CUT, Juvandia Moreira, \u201cos juros nesse patamar aumentam a d\u00edvida p\u00fablica, pois elevam os gastos do governo com os t\u00edtulos da d\u00edvida p\u00fablica, e esse dinheiro poderia ser usado para investimento na infraestrutura do pa\u00eds, sa\u00fade e educa\u00e7\u00e3o, setores necess\u00e1rios \u00e0 popula\u00e7\u00e3o e que estimulam a atividade produtiva\u201d.<\/p>\n<p>\u201cOs juros altos tamb\u00e9m deixam o cr\u00e9dito e o financiamento mais caros, o que aprofunda o endividamento das fam\u00edlias, que acabam consumindo menos. Consumo baixo reduz a produ\u00e7\u00e3o, porque as empresas n\u00e3o vendem, e se n\u00e3o vendem, demitem. Os juros precisam cair j\u00e1, para que a economia possa avan\u00e7ar\u201d, defende Juvandia, que tamb\u00e9m \u00e9 vice-presidenta da Central \u00danica dos Trabalhadores (CUT). \u201cJuro t\u00e3o elevado assim \u00e9 um claro boicote ao Brasil, que precisa retomar o crescimento e a justi\u00e7a social\u201d, completa a dirigente.<\/p>\n<h3><strong>Mobiliza\u00e7\u00e3o dos banc\u00e1rios<\/strong><\/h3>\n<p>Os banc\u00e1rios t\u00eam participado ativamente das mobiliza\u00e7\u00f5es dos trabalhadores pela redu\u00e7\u00e3o dos juros no Brasil. Durante as reuni\u00f5es do Copom, a esfera do BC que decide a movimenta\u00e7\u00e3o da Selic, a categoria participa dos atos, realizados em frente a todas as 10 sedes do BC espalhadas pelo pa\u00eds e em locais de grande circula\u00e7\u00e3o das grandes cidades.\u00a0<a href=\"https:\/\/contrafcut.com.br\/noticias\/trabalhadores-protestam-contra-juros-altos-em-todo-o-brasil\/\" target=\"_blank\" rel=\"noopener noreferrer\">A mais recente manifesta\u00e7\u00e3o ocorreu durante a \u00faltima reuni\u00e3o do Copom, em 20 de junho<\/a>.<\/p>\n<p>As jornadas de lutas contra os juros altos, para pressionar Roberto Campos Neto, presidente da autoridade monet\u00e1ria, a reduzir a taxa de juros, s\u00e3o organizadas pela CUT e outras centrais, como For\u00e7a Sindical, CTB, UGT, CSB, NCST, CSP Conlutas, Intersindical e A P\u00fablica, com a participa\u00e7\u00e3o de outras entidades sindicais, como a Contraf-CUT, al\u00e9m de movimentos populares. Nas redes sociais, as\u00a0<em>hashtags<\/em>\u00a0usadas nas postagens s\u00e3o #JurosBaixosJ\u00e1 e #ForaCamposNeto.<\/p>\n<p>Acesse aqui a\u00a0<a href=\"https:\/\/issuu.com\/contrafcut\/docs\/issu_cartilha_com_qrcode?utm_medium=referral&amp;utm_source=contrafcut.com.br\" target=\"_blank\" rel=\"noopener noreferrer\">Cartilha dos Comit\u00eas de Luta dos Banc\u00e1rios<\/a>.<\/p>\n<p>Conhe\u00e7a as\u00a0<a href=\"https:\/\/contrafcut.com.br\/comites-de-luta\/\" target=\"_blank\" rel=\"noopener noreferrer\">not\u00edcias anteriores dos Comit\u00eas de Luta dos Banc\u00e1rios<\/a>.<\/p>\n<figure class=\"wp-block-embed-youtube wp-block-embed is-type-video is-provider-youtube wp-embed-aspect-16-9 wp-has-aspect-ratio\">\n<div class=\"wp-block-embed__wrapper\">\u00a0<\/div>\n<\/figure>\n<p>\u00a0<\/p>\n<p><strong>Fonte: Contraf-CUT<\/strong><\/p>\n","protected":false},"excerpt":{"rendered":"<p>Os Comit\u00eas Populares de Luta realizam, nos dias anteriores \u00e0 pr\u00f3xima reuni\u00e3o do Comit\u00ea de Pol\u00edtica Monet\u00e1ria (Copom), o Mutir\u00e3o Contra os Juros, para pressionar o presidente do Banco Central (BC), Roberto Campos Neto, a baixar a taxa b\u00e1sica de juros Selic, hoje em 13,75% ao ano. O Copom se re\u00fane nos pr\u00f3ximos dias 1\u00ba [&hellip;]<\/p>\n","protected":false},"author":2,"featured_media":14330,"comment_status":"","ping_status":"","sticky":false,"template":"","format":"standard","meta":{"footnotes":""},"categories":[3],"tags":[],"class_list":["post-14331","post","type-post","status-publish","format-standard","has-post-thumbnail","hentry","category-noticias"],"_links":{"self":[{"href":"https:\/\/hostnetart.com.br\/baixada\/wp-json\/wp\/v2\/posts\/14331","targetHints":{"allow":["GET"]}}],"collection":[{"href":"https:\/\/hostnetart.com.br\/baixada\/wp-json\/wp\/v2\/posts"}],"about":[{"href":"https:\/\/hostnetart.com.br\/baixada\/wp-json\/wp\/v2\/types\/post"}],"author":[{"embeddable":true,"href":"https:\/\/hostnetart.com.br\/baixada\/wp-json\/wp\/v2\/users\/2"}],"replies":[{"embeddable":true,"href":"https:\/\/hostnetart.com.br\/baixada\/wp-json\/wp\/v2\/comments?post=14331"}],"version-history":[{"count":0,"href":"https:\/\/hostnetart.com.br\/baixada\/wp-json\/wp\/v2\/posts\/14331\/revisions"}],"wp:featuredmedia":[{"embeddable":true,"href":"https:\/\/hostnetart.com.br\/baixada\/wp-json\/wp\/v2\/media\/14330"}],"wp:attachment":[{"href":"https:\/\/hostnetart.com.br\/baixada\/wp-json\/wp\/v2\/media?parent=14331"}],"wp:term":[{"taxonomy":"category","embeddable":true,"href":"https:\/\/hostnetart.com.br\/baixada\/wp-json\/wp\/v2\/categories?post=14331"},{"taxonomy":"post_tag","embeddable":true,"href":"https:\/\/hostnetart.com.br\/baixada\/wp-json\/wp\/v2\/tags?post=14331"}],"curies":[{"name":"wp","href":"https:\/\/api.w.org\/{rel}","templated":true}]}}