{"id":1433,"date":"2013-08-23T00:00:00","date_gmt":"2013-08-23T03:00:00","guid":{"rendered":"https:\/\/hostnetart.com.br\/baixada\/comando-negocia-carreira-contratacoes-e-isonomia-com-a-caixa-no-dia-29\/"},"modified":"2013-08-23T00:00:00","modified_gmt":"2013-08-23T03:00:00","slug":"comando-negocia-carreira-contratacoes-e-isonomia-com-a-caixa-no-dia-29","status":"publish","type":"post","link":"https:\/\/hostnetart.com.br\/baixada\/comando-negocia-carreira-contratacoes-e-isonomia-com-a-caixa-no-dia-29\/","title":{"rendered":"Comando negocia carreira, contrata\u00e7\u00f5es e isonomia com a Caixa no dia 29"},"content":{"rendered":"<p>O Comando Nacional dos Banc\u00e1rios, coordenado pela Contraf-CUT e assessorado pela Comiss\u00e3o Executiva dos Empregados (CEE-Caixa), volta a se reunir com a Caixa Econ\u00f4mica Federal na pr\u00f3xima quinta-feira, dia 29, \u00e0s 15h, em Bras\u00edlia, para a terceira rodada de negocia\u00e7\u00e3o espec\u00edfica da Campanha 2013. Estar\u00e3o em discuss\u00e3o as reivindica\u00e7\u00f5es sobre carreira, contrata\u00e7\u00f5es e isonomia.<\/p>\n<p>\u00a0<\/p>\n<p>A nova rodada acontece ap\u00f3s o dia nacional de luta, definido pelo Comando Nacional e realizado nesta quinta-feira (22), conforme decis\u00e3o do 29\u00ba Conecef, ocorrido entre os dias 17 e 19 de maio, em S\u00e3o Paulo.<\/p>\n<p>\u00a0<\/p>\n<p>Nas duas primeiras negocia\u00e7\u00f5es, os \u201cn\u00e3os\u201d da Caixa \u00e0s reivindica\u00e7\u00f5es espec\u00edficas se repetiram, indignando os empregados. Tanto que at\u00e9 agora n\u00e3o houve avan\u00e7os. Nada foi apresentado pelo banco para as demandas sobre sa\u00fade do trabalhador, Sa\u00fade Caixa, condi\u00e7\u00f5es de trabalho, aposentados, Prevhab e seguran\u00e7a banc\u00e1ria. Enquanto isso, os empregados continuam sobrecarregados nas ag\u00eancias, situa\u00e7\u00e3o provocada pela car\u00eancia de pessoal.<\/p>\n<p>\u00a0<\/p>\n<p>Para Jair Pedro Ferreira, coordenador da CEE\/Caixa e vice-presidente da Fenae, \u201co balan\u00e7o semestral da Caixa mostrou que a empresa continua batendo recordes de lucro, n\u00e3o havendo, portanto, raz\u00e3o para serem recusadas as reivindica\u00e7\u00f5es espec\u00edficas dos empregados. A situa\u00e7\u00e3o \u00e9 a mesma em rela\u00e7\u00e3o ao restante do sistema financeiro nacional\u201d.<\/p>\n<p>\u00a0<\/p>\n<p>Ele afirma tamb\u00e9m que o tema das condi\u00e7\u00f5es de trabalho \u00e9 uma das prioridades das negocia\u00e7\u00f5es espec\u00edficas da campanha deste ano. \u201c\u00c9 preciso acabar de uma vez por todas com a sobrecarga de trabalho nas unidades, pondo fim \u00e0 frequente e desnecess\u00e1ria extrapola\u00e7\u00e3o da jornada\u201d.<\/p>\n<p>\u00a0<\/p>\n<p>Jair diz ainda que essa situa\u00e7\u00e3o \u00e9 devido ao aumento da demanda e \u00e0 falta de empregados. \u201cA luta do movimento nacional dos empregados \u00e9 para que a dire\u00e7\u00e3o da Caixa aumente a m\u00e9dia de trabalhadores por ag\u00eancia\u201d.<\/p>\n<p>\u00a0<\/p>\n<p>\u201cMas para que haja conquistas \u00e9 muito importante a participa\u00e7\u00e3o dos empregados nas mobiliza\u00e7\u00f5es. Sem for\u00e7a de press\u00e3o, as negocia\u00e7\u00f5es n\u00e3o avan\u00e7am\u201d, conclui.<\/p>\n<p>\u00a0<\/p>\n<p>Fonte: Contraf-CUT com Fenae<\/p>\n","protected":false},"excerpt":{"rendered":"<p>O Comando Nacional dos Banc\u00e1rios, coordenado pela Contraf-CUT e assessorado pela Comiss\u00e3o Executiva dos Empregados (CEE-Caixa), volta a se reunir com a Caixa Econ\u00f4mica Federal na pr\u00f3xima quinta-feira, dia 29, \u00e0s 15h, em Bras\u00edlia, para a terceira rodada de negocia\u00e7\u00e3o espec\u00edfica da Campanha 2013. Estar\u00e3o em discuss\u00e3o as reivindica\u00e7\u00f5es sobre carreira, contrata\u00e7\u00f5es e isonomia. \u00a0 [&hellip;]<\/p>\n","protected":false},"author":1,"featured_media":0,"comment_status":"","ping_status":"","sticky":false,"template":"","format":"standard","meta":{"footnotes":""},"categories":[3],"tags":[],"class_list":["post-1433","post","type-post","status-publish","format-standard","hentry","category-noticias"],"_links":{"self":[{"href":"https:\/\/hostnetart.com.br\/baixada\/wp-json\/wp\/v2\/posts\/1433","targetHints":{"allow":["GET"]}}],"collection":[{"href":"https:\/\/hostnetart.com.br\/baixada\/wp-json\/wp\/v2\/posts"}],"about":[{"href":"https:\/\/hostnetart.com.br\/baixada\/wp-json\/wp\/v2\/types\/post"}],"author":[{"embeddable":true,"href":"https:\/\/hostnetart.com.br\/baixada\/wp-json\/wp\/v2\/users\/1"}],"replies":[{"embeddable":true,"href":"https:\/\/hostnetart.com.br\/baixada\/wp-json\/wp\/v2\/comments?post=1433"}],"version-history":[{"count":0,"href":"https:\/\/hostnetart.com.br\/baixada\/wp-json\/wp\/v2\/posts\/1433\/revisions"}],"wp:attachment":[{"href":"https:\/\/hostnetart.com.br\/baixada\/wp-json\/wp\/v2\/media?parent=1433"}],"wp:term":[{"taxonomy":"category","embeddable":true,"href":"https:\/\/hostnetart.com.br\/baixada\/wp-json\/wp\/v2\/categories?post=1433"},{"taxonomy":"post_tag","embeddable":true,"href":"https:\/\/hostnetart.com.br\/baixada\/wp-json\/wp\/v2\/tags?post=1433"}],"curies":[{"name":"wp","href":"https:\/\/api.w.org\/{rel}","templated":true}]}}