{"id":14327,"date":"2023-07-26T14:38:56","date_gmt":"2023-07-26T17:38:56","guid":{"rendered":"https:\/\/hostnetart.com.br\/baixada\/que-bola-fora-bradesco\/"},"modified":"2023-07-26T14:38:56","modified_gmt":"2023-07-26T17:38:56","slug":"que-bola-fora-bradesco","status":"publish","type":"post","link":"https:\/\/hostnetart.com.br\/baixada\/que-bola-fora-bradesco\/","title":{"rendered":"Que bola fora, Bradesco!"},"content":{"rendered":"<p>No \u00faltimo dia 20 de julho, a Federa\u00e7\u00e3o Brasileira de Bancos (Febraban) anunciou que as ag\u00eancias banc\u00e1rias teriam o hor\u00e1rio de atendimento alterado nos dias de jogos do Brasil na Copa do Mundo Feminina de Futebol, atendendo uma reivindica\u00e7\u00e3o do movimento sindical, que tamb\u00e9m luta por igualdade de g\u00eanero.<\/p>\n<p>Mas, enquanto Ary Borges, Bia Zaneratto, Tamires, nossa Rainha Marta e companhia estreavam na Copa do Mundo de Futebol Feminino, com uma goleada sobre o Panam\u00e1, o Bradesco jogava contra.<\/p>\n<p>Foram diversas as den\u00fancias de banc\u00e1rias e banc\u00e1rios, informando que foram \u201cconvidados\u201d a acompanhar os jogos dentro das ag\u00eancias, se assim desejassem.<\/p>\n<p>Tudo era para ocorrer como sempre acontece na nossa categoria durante os jogos do Brasil na Copa do Mundo de Futebol Masculino. Por\u00e9m para os trabalhadores e as trabalhadoras do Bradesco foi diferente. V\u00e1rios banc\u00e1rios informaram aos Sindicatos que foram convidados a comparecerem \u00e0s ag\u00eancias antes dos jogos para acompanharem o jogo das canarinhas, se assim desejassem.<\/p>\n<p>Isso contraria a decis\u00e3o da Fenaban que determina que, \u201cem dias de jogos da sele\u00e7\u00e3o brasileira que iniciarem \u00e0s 8h, no hor\u00e1rio de Bras\u00edlia, os bancos abrir\u00e3o uma hora mais tarde\u201d.<\/p>\n<p>O QUE DIZ O BANCO<\/p>\n<p>Ao ser questionado, a dire\u00e7\u00e3o do banco disse que este n\u00e3o \u00e9 o posicionamento nem a orienta\u00e7\u00e3o da institui\u00e7\u00e3o financeira. E, sim, de alguns regionais e gerentes. Disseram, tamb\u00e9m, que caso isso volte a acontecer, que denunciem.<\/p>\n<p>POSICIONAMENTO DA FETRAF RJ\/ES<\/p>\n<p>A Federa\u00e7\u00e3o dos Trabalhadores do Ramo Financeiro dos Estados do Rio de Janeiro e Esp\u00edrito Santo (Fetraf-RJ\/ES) acredita na boa f\u00e9 das pessoas mas, lamentavelmente, chegaram diversos relatos de trabalhadores banc\u00e1rios que se sentiram coagidos a aceitar este convite.<\/p>\n<p>Em nossa luta por igualdade, a Fetraf RJ\/ES entende que, assim como acontece no mundial masculino, o mesmo tratamento deve ser dado quando mulheres estejam jogando. E isso deve ser uma pr\u00e1tica que n\u00e3o deve abranger s\u00f3 a \u00e1rea esportiva, como todas as \u00e1reas e esferas da sociedade.<\/p>\n<p>A Fetraf RJ\/ES defende que haja uma flexibiliza\u00e7\u00e3o e n\u00e3o uma compensa\u00e7\u00e3o de horas. Tamb\u00e9m \u00a0estar\u00e1 atenta, atrav\u00e9s de seus Sindicatos filiados, se casos como este seguir\u00e3o ocorrendo.<\/p>\n<p>Denuncie!<\/p>\n<p><strong>Tabela da Sele\u00e7\u00e3o no Mundial Feminino<\/strong><\/p>\n<p>24 de julho (segunda-feira) \u2013 Brasil x Panam\u00e1 (8h)\u00a0<strong>Expediente 11h<\/strong><\/p>\n<p>29 de julho (s\u00e1bado) \u2013 Fran\u00e7a x Brasil \u2013 (7h)\u00a0<strong>Expediente 10h<\/strong><\/p>\n<p>2 de agosto (quarta-feira) \u2013 Jamaica x Brasil (7h)\u00a0<strong>Expediente 10h<\/strong><\/p>\n<p><em>Em caso de classifica\u00e7\u00e3o em primeiro lugar no grupo<\/em><\/p>\n<p>Oitavas de final: 08 de agosto (ter\u00e7a-feira), (8h)\u00a0<strong>Expediente 11h<\/strong><\/p>\n<p><strong>Fonte: Contraf-CUT<\/strong><\/p>\n","protected":false},"excerpt":{"rendered":"<p>No \u00faltimo dia 20 de julho, a Federa\u00e7\u00e3o Brasileira de Bancos (Febraban) anunciou que as ag\u00eancias banc\u00e1rias teriam o hor\u00e1rio de atendimento alterado nos dias de jogos do Brasil na Copa do Mundo Feminina de Futebol, atendendo uma reivindica\u00e7\u00e3o do movimento sindical, que tamb\u00e9m luta por igualdade de g\u00eanero. Mas, enquanto Ary Borges, Bia Zaneratto, [&hellip;]<\/p>\n","protected":false},"author":2,"featured_media":14326,"comment_status":"","ping_status":"","sticky":false,"template":"","format":"standard","meta":{"footnotes":""},"categories":[3],"tags":[],"class_list":["post-14327","post","type-post","status-publish","format-standard","has-post-thumbnail","hentry","category-noticias"],"_links":{"self":[{"href":"https:\/\/hostnetart.com.br\/baixada\/wp-json\/wp\/v2\/posts\/14327","targetHints":{"allow":["GET"]}}],"collection":[{"href":"https:\/\/hostnetart.com.br\/baixada\/wp-json\/wp\/v2\/posts"}],"about":[{"href":"https:\/\/hostnetart.com.br\/baixada\/wp-json\/wp\/v2\/types\/post"}],"author":[{"embeddable":true,"href":"https:\/\/hostnetart.com.br\/baixada\/wp-json\/wp\/v2\/users\/2"}],"replies":[{"embeddable":true,"href":"https:\/\/hostnetart.com.br\/baixada\/wp-json\/wp\/v2\/comments?post=14327"}],"version-history":[{"count":0,"href":"https:\/\/hostnetart.com.br\/baixada\/wp-json\/wp\/v2\/posts\/14327\/revisions"}],"wp:featuredmedia":[{"embeddable":true,"href":"https:\/\/hostnetart.com.br\/baixada\/wp-json\/wp\/v2\/media\/14326"}],"wp:attachment":[{"href":"https:\/\/hostnetart.com.br\/baixada\/wp-json\/wp\/v2\/media?parent=14327"}],"wp:term":[{"taxonomy":"category","embeddable":true,"href":"https:\/\/hostnetart.com.br\/baixada\/wp-json\/wp\/v2\/categories?post=14327"},{"taxonomy":"post_tag","embeddable":true,"href":"https:\/\/hostnetart.com.br\/baixada\/wp-json\/wp\/v2\/tags?post=14327"}],"curies":[{"name":"wp","href":"https:\/\/api.w.org\/{rel}","templated":true}]}}