{"id":14323,"date":"2023-07-24T16:06:29","date_gmt":"2023-07-24T19:06:29","guid":{"rendered":"https:\/\/hostnetart.com.br\/baixada\/fetraf-rj-es-participa-de-seminario-que-debateu-melhorias-para-o-saude-caixa\/"},"modified":"2023-07-24T16:06:29","modified_gmt":"2023-07-24T19:06:29","slug":"fetraf-rj-es-participa-de-seminario-que-debateu-melhorias-para-o-saude-caixa","status":"publish","type":"post","link":"https:\/\/hostnetart.com.br\/baixada\/fetraf-rj-es-participa-de-seminario-que-debateu-melhorias-para-o-saude-caixa\/","title":{"rendered":"Fetraf RJ\/ES participa de Semin\u00e1rio que debateu melhorias para o Sa\u00fade Caixa"},"content":{"rendered":"<p>Neste \u00faltimo s\u00e1bado, 22 de julho, representantes dos empregados da Caixa Econ\u00f4mica Federal se reuniram para debater a situa\u00e7\u00e3o do plano de sa\u00fade da categoria. No encontro, de forma virtual, foram realizados pain\u00e9is para subsidiar as discuss\u00f5es. As propostas aprovadas durante semin\u00e1rios regionais realizados em todo o pa\u00eds ser\u00e3o consolidadas e nortear\u00e3o as negocia\u00e7\u00f5es para renova\u00e7\u00e3o do Acordo Coletivo espec\u00edfico sobre o Sa\u00fade Caixa, que deve ocorrer em agosto.<\/p>\n<p>A Federac\u0327a\u0303o dos Trabalhadores do Ramo Financeiro dos Estados do Rio de Janeiro e Espi\u0301rito Santo (Fetraf RJ\/ES), da qual o Sindicato dos Banc\u00e1rios da Baixada Fluminense faz parte, participou com uma delega\u00e7\u00e3o composta por 16 pessoas: \u00c1lvaro dos Reis, Angela Maria Fassina, Arthur Dussoni, Emannuely Segatto, Gabriela Pereira, Igor Bongiovani, Jackeline Scopel, Jo\u00e3o Bosco Teixeira, Leonardo Barros, Lizandre Borges, Luiz Maggi, M\u00e1rcio Wanderley Lopes, Maria Salete Pinheiro, Rita de Lima, Ronan Vieira e Ulisses Moreira Parola.<\/p>\n<p>\u201cO Semin\u00e1rio Sa\u00fade Caixa Jorge Furlan cumpriu um papel importante, pois este ano n\u00e3o houve o CONECEF. As apresenta\u00e7\u00f5es cumpriram papel de revelar a luta que os banc\u00e1rios da Caixa ter\u00e3o que travar para poder manter os princ\u00edpios basilares do plano e que s\u00e3o, em nossa opini\u00e3o, inegoci\u00e1veis: solidariedade, pacto intergeracional e mutualismo.\u201d, comentou Lizandre Souza Borges, Diretora de Sa\u00fade do Trabalhador da Federa\u00e7\u00e3o dos Trabalhadores do Ramo Financeiro dos Estados do Rio de Janeiro e Esp\u00edrito Santo Fetraf RJ\/ES.<\/p>\n<p>\u201cNosso plano \u00e9 uma das maiores conquistas dos trabalhadores. Este semin\u00e1rio \u00e9 importante para o embate que teremos para renova\u00e7\u00e3o do acordo do Sa\u00fade Caixa. Desde o golpe de 2016, o plano de sa\u00fade vem sofrendo sucessivos ataques e nesse momento os empregados precisam estar conscientes sobre a import\u00e2ncia de manter o modelo de custeio 70\/30 e a qualidade do plano. A Caixa e o governo precisam entender que os gastos com Sa\u00fade Caixa n\u00e3o s\u00e3o despesas, s\u00e3o investimentos em sa\u00fade e bem-estar\u201d, destacou Sergio Takemoto, presidente da Federa\u00e7\u00e3o Nacional das Associa\u00e7\u00f5es do Pessoal da Caixa Econ\u00f4mica Federal (Fenae), durante a abertura do Semin\u00e1rio sobre o Sa\u00fade Caixa, que foi denominado Semin\u00e1rio Jorge Furlan, em homenagem ao ex-empregado da Caixa e militante do movimento associativo e sindical, que faleceu em julho de 2022.<\/p>\n<p>Para a coordenadora da Comiss\u00e3o Executiva dos Empregados (CEE\/Caixa), Fabiana Uehara Proscholdt, o semin\u00e1rio serve para aprofundar as quest\u00f5es relativas ao plano de sa\u00fade. \u201cEstamos debatendo a constru\u00e7\u00e3o do acordo n\u00e3o s\u00f3 para o custeio, mas para a qualidade do plano de sa\u00fade. Nos \u00faltimos anos o Sa\u00fade Caixa passou por sucateamento. Precisamos fazer um grande trabalho de reconstru\u00e7\u00e3o do plano, com qualidade, que seja vi\u00e1vel para todos os trabalhadores e sustent\u00e1vel\u201d, ressaltou.<\/p>\n<h3><strong>Princ\u00edpios<\/strong><\/h3>\n<p>O Sa\u00fade Caixa foi criado tendo como base os princ\u00edpios da solidariedade, do pacto intergeracional e do mutualismo. Estes princ\u00edpios garantem que cada empregado pague de acordo com sua capacidade contributiva, que nenhum deles seja exclu\u00eddo devido sua idade, tendo sido criado um subs\u00eddio cruzado entre as faixas et\u00e1rias, para que todos contribuam para o m\u00fatuo, garantindo o acesso aos servi\u00e7os de sa\u00fade a todos que necessitarem.<\/p>\n<p>Uma limita\u00e7\u00e3o de 6,5% da folha de pagamento para gasto da Caixa com o plano de sa\u00fade dos empregados, implantada a partir de 2017, impede a manuten\u00e7\u00e3o do modelo de custeio 70\/30 e das premissas de mutualismo, solidariedade e pacto intergeracional.<\/p>\n<p>A justificativa do banco foi de que precisava aumentar as provis\u00f5es atuariais para evidenciar os compromissos futuros da empresa com o chamado \u201cbenef\u00edcio p\u00f3s-emprego\u201d (que, para os empregados da Caixa s\u00e3o, principalmente, a Funcef e o Sa\u00fade Caixa).<\/p>\n<h3><strong>Sucateamento<\/strong><\/h3>\n<p>As representa\u00e7\u00f5es dos trabalhadores enfatizaram que a partir de 2016, o Sa\u00fade Caixa e demais planos de sa\u00fade das estatais foram alvo de uma pol\u00edtica de sucateamento e de retirada de direitos nos governos Temer e Bolsonaro.<\/p>\n<p>\u201cEra um projeto de governo que se aplicava a todas as empresas. A uni\u00e3o de todos os trabalhadores foi fundamental para combater, por exemplo a CGPAR 23, que tinha por objetivo acabar com os planos de autogest\u00e3o das estatais\u201d, lembrou o presidente da Associa\u00e7\u00e3o do Pessoal da Caixa do Estado de S\u00e3o Paulo (Apcef\/SP), diretor de Sa\u00fade e Previd\u00eancia da Fenae e membro do GT Sa\u00fade Caixa, Leonardo Quadros.<\/p>\n<p>Respons\u00e1vel por um dos pain\u00e9is do semin\u00e1rio, Leonardo fez um relato do hist\u00f3rico da assist\u00eancia \u00e0 sa\u00fade dos empregados da Caixa a partir da d\u00e9cada de 1970, passando pela cria\u00e7\u00e3o do Sa\u00fade Caixa em 2004 at\u00e9 os dias atuais, com os impactos que o plano de sa\u00fade vem sofrendo.<\/p>\n<p><a href=\"https:\/\/contrafcut.com.br\/noticias\/saude-caixa-e-politica-de-pessoas-ou-vale-desconto\" target=\"_blank\" rel=\"noopener noreferrer\">Em reuni\u00e3o do Grupo de Trabalho Parit\u00e1rio<\/a>que debate o Sa\u00fade Caixa, o banco apresentou dados que demonstram que a manuten\u00e7\u00e3o do teto estatut\u00e1rio de 6,5% da folha para o custeio do Sa\u00fade Caixa tornar\u00e1 o plano financeiramente invi\u00e1vel para os empregados.<\/p>\n<h3><strong>Fim do teto e transpar\u00eancia<\/strong><\/h3>\n<p>A proje\u00e7\u00e3o atuarial do banco prev\u00ea um d\u00e9ficit de R$ 355 milh\u00f5es de reais. Com isso as proje\u00e7\u00f5es da empresa apontam para um aumento nas mensalidades dos titulares, que passariam para 6,46% em 2024 e 7,25% em 2025, e dos dependentes para 0,74% e 0,83%, respectivamente, caso a restri\u00e7\u00e3o seja mantida.<\/p>\n<p>O presidente da Apcef\/SP afirmou que os relat\u00f3rios divulgados pela Caixa mostram que, em 2021, quando o banco arcou com 70% das despesas do plano e os empregados tiveram uma participa\u00e7\u00e3o de 33,29%, n\u00e3o houve d\u00e9ficit no Sa\u00fade Caixa. Mas, em 2022, com a participa\u00e7\u00e3o da Caixa limitada pelo teto estatut\u00e1rio de 6,5% da folha, houve d\u00e9ficit.<\/p>\n<p>Segundo dados apresentados pela Caixa, o formato de custeio apresenta d\u00e9ficit desde 2016 e tem proje\u00e7\u00e3o de agravo em 2023. Atualmente, por conta da limita\u00e7\u00e3o imposta no estatuto, o banco arca com 57% dos custos do Sa\u00fade Caixa, com tend\u00eancia de redu\u00e7\u00e3o desse percentual. \u201cSa\u00fade Caixa \u00e9 um direito e pol\u00edtica de pessoal da empresa\u201d, enfatizou.<\/p>\n<p>O m\u00e9dico e assessor de Sa\u00fade da Confedera\u00e7\u00e3o Nacional dos Trabalhadores do Ramo Financeiro (Contraf-CUT) e da Fenae, Albucacis Castro Pereira, refor\u00e7ou a preocupa\u00e7\u00e3o sobre o futuro do plano de sa\u00fade, caso o limite de 6,5% seja mantido. \u201c\u00c9 um limitador dos recursos, que tenta fazer com que o banco invista bem menos que os 70% previstos no modelo de custeio, fazendo com que o empregado da Caixa tenha de custear essa diferen\u00e7a, al\u00e9m de custear parte da administra\u00e7\u00e3o, sem ter inger\u00eancia sobre a gest\u00e3o do Sa\u00fade Caixa\u201d.<\/p>\n<p>Outra quest\u00e3o levantada por Albucacis \u00e9 a transpar\u00eancia dos dados sobre a utiliza\u00e7\u00e3o do plano de sa\u00fade pelos usu\u00e1rios, \u201cpara que se possa fazer avalia\u00e7\u00e3o atuarial adequada, pormenorizada e anonimizada\u201d.<\/p>\n<p>Para Leonardo Quadros, o Semin\u00e1rio apontou para a necessidade de amplia\u00e7\u00e3o da mobiliza\u00e7\u00e3o, com a realiza\u00e7\u00e3o de atividades. \u201cS\u00e3o fundamentais as reuni\u00f5es nos locais de trabalho e mais debates para envolver cada vez mais os empregados na luta pela melhoria da qualidade do plano e contra o teto estatut\u00e1rio de 6,5%, e que a CEE deve debater estas propostas para encaminhar as orienta\u00e7\u00f5es para as entidades\u201d, concluiu.<\/p>\n<p><strong>Fonte: Fetraf RJ\/ES<\/strong><\/p>\n","protected":false},"excerpt":{"rendered":"<p>Neste \u00faltimo s\u00e1bado, 22 de julho, representantes dos empregados da Caixa Econ\u00f4mica Federal se reuniram para debater a situa\u00e7\u00e3o do plano de sa\u00fade da categoria. No encontro, de forma virtual, foram realizados pain\u00e9is para subsidiar as discuss\u00f5es. As propostas aprovadas durante semin\u00e1rios regionais realizados em todo o pa\u00eds ser\u00e3o consolidadas e nortear\u00e3o as negocia\u00e7\u00f5es para [&hellip;]<\/p>\n","protected":false},"author":2,"featured_media":14322,"comment_status":"","ping_status":"","sticky":false,"template":"","format":"standard","meta":{"footnotes":""},"categories":[3],"tags":[],"class_list":["post-14323","post","type-post","status-publish","format-standard","has-post-thumbnail","hentry","category-noticias"],"_links":{"self":[{"href":"https:\/\/hostnetart.com.br\/baixada\/wp-json\/wp\/v2\/posts\/14323","targetHints":{"allow":["GET"]}}],"collection":[{"href":"https:\/\/hostnetart.com.br\/baixada\/wp-json\/wp\/v2\/posts"}],"about":[{"href":"https:\/\/hostnetart.com.br\/baixada\/wp-json\/wp\/v2\/types\/post"}],"author":[{"embeddable":true,"href":"https:\/\/hostnetart.com.br\/baixada\/wp-json\/wp\/v2\/users\/2"}],"replies":[{"embeddable":true,"href":"https:\/\/hostnetart.com.br\/baixada\/wp-json\/wp\/v2\/comments?post=14323"}],"version-history":[{"count":0,"href":"https:\/\/hostnetart.com.br\/baixada\/wp-json\/wp\/v2\/posts\/14323\/revisions"}],"wp:featuredmedia":[{"embeddable":true,"href":"https:\/\/hostnetart.com.br\/baixada\/wp-json\/wp\/v2\/media\/14322"}],"wp:attachment":[{"href":"https:\/\/hostnetart.com.br\/baixada\/wp-json\/wp\/v2\/media?parent=14323"}],"wp:term":[{"taxonomy":"category","embeddable":true,"href":"https:\/\/hostnetart.com.br\/baixada\/wp-json\/wp\/v2\/categories?post=14323"},{"taxonomy":"post_tag","embeddable":true,"href":"https:\/\/hostnetart.com.br\/baixada\/wp-json\/wp\/v2\/tags?post=14323"}],"curies":[{"name":"wp","href":"https:\/\/api.w.org\/{rel}","templated":true}]}}