{"id":1432,"date":"2014-06-27T00:00:00","date_gmt":"2014-06-27T03:00:00","guid":{"rendered":"https:\/\/hostnetart.com.br\/baixada\/lancada-campanha-internacional-contra-demissoes-no-santander-brasil\/"},"modified":"2014-06-27T00:00:00","modified_gmt":"2014-06-27T03:00:00","slug":"lancada-campanha-internacional-contra-demissoes-no-santander-brasil","status":"publish","type":"post","link":"https:\/\/hostnetart.com.br\/baixada\/lancada-campanha-internacional-contra-demissoes-no-santander-brasil\/","title":{"rendered":"Lan\u00e7ada campanha internacional contra demiss\u00f5es no Santander Brasil"},"content":{"rendered":"<p>A UNI Am\u00e9ricas Finan\u00e7as, bra\u00e7o do sindicato global que representa tr\u00eas milh\u00f5es de trabalhadores em bancos e seguros de todo mundo, lan\u00e7a nesta sexta-feira (27) uma campanha internacional contra as demiss\u00f5es do Santander no Brasil.<\/p>\n<p>Uma nova edi\u00e7\u00e3o do jornal Rede Global Banc\u00e1ria est\u00e1 sendo distribu\u00edda pelos sindicatos aos funcion\u00e1rios do banco espanhol, durante manifesta\u00e7\u00f5es em todo o Brasil, fortalecendo a mobiliza\u00e7\u00e3o dos banc\u00e1rios brasileiros em defesa do emprego. Haver\u00e1 tamb\u00e9m atividades em outros pa\u00edses.<\/p>\n<p>&gt; Clique\u00a0<a href=\"http:\/\/www.contrafcut.org.br\/download\/Arquivo\/1462784349.pdf\" target=\"_blank\" rel=\"noopener noreferrer\">aqui<\/a>\u00a0para ler o jornal Rede Global Banc\u00e1ria.<\/p>\n<p>A campanha foi definida pela Rede Sindical do Santander, durante a 10\u00aa Reuni\u00e3o Conjunta das Redes Sindicais dos Bancos Internacionais, realizada nos dia 5 e 6 de junho, em Lima, capital do Peru.<\/p>\n<p><strong>Solidariedade internacional<\/strong><\/p>\n<p>A reuni\u00e3o foi promovida pela UNI Am\u00e9ricas Finan\u00e7as e Comit\u00ea de Finan\u00e7as da Coordenadora das Centrais Sindicais do Cone Sul (CCSCS), com o apoio de sindicatos peruanos. Estiveram presentes dirigentes sindicais do Brasil, Argentina, Uruguai, Chile e M\u00e9xico, al\u00e9m de representantes das Comisiones Obreras (CCOO) e da UGT, as duas principais centrais sindicais da Espanha.<\/p>\n<p>\u201cTodos ficaram profundamente indignados diante da gest\u00e3o equivocada do banco no Brasil e decidiram promover uma campanha internacional contra as demiss\u00f5es\u201d, afirma o secret\u00e1rio de Rela\u00e7\u00f5es Internacionais da Contraf-CUT, M\u00e1rio Raia. \u201cOs trabalhadores brasileiros n\u00e3o podem ser tratados como se fossem de segunda categoria\u201d, destaca.<\/p>\n<p>\u201cO objetivo da campanha \u00e9 aumentar a press\u00e3o para que o Santander pare o processo de dispensas, corte de empregos e fechamento de ag\u00eancias. Em nenhum outro pa\u00eds das Am\u00e9ricas, o banco est\u00e1 desempregando trabalhadores como no Brasil, mesmo obtendo aqui 20% do lucro mundial\u201d, explica o secret\u00e1rio de Imprensa da Contraf-CUT, Ademir Wiederkehr.<\/p>\n<p>Al\u00e9m de manifesta\u00e7\u00f5es e protestos, a campanha tamb\u00e9m est\u00e1 nas redes sociais (Twitter, Facebook, Instagram), onde est\u00e3o sendo usadas duas hashtags: #SantanderBastadeDemiss\u00f5es e #SantanderBastadeDespidosEnBrasil. A primeira destaca as atividades no Brasil e a segundo, no mundo.<\/p>\n<p>A Rede Sindical do Santander decidiu tamb\u00e9m refor\u00e7ar a luta pelo emprego e pela melhoria das condi\u00e7\u00f5es de trabalho nas Am\u00e9ricas.<\/p>\n<p><strong>Demiss\u00f5es injustific\u00e1veis<\/strong><\/p>\n<p>Apesar do lucro de R$ 1,428 bilh\u00e3o no primeiro trimestre de 2014, o banco espanhol cortou 4.833 empregos entre mar\u00e7o de 2013 e mar\u00e7o de 2014, sendo 970 nos primeiros tr\u00eas meses do ano, o que \u00e9 injustific\u00e1vel.<\/p>\n<p>\u201cEnquanto paga b\u00f4nus milion\u00e1rios para um punhado de altos executivos, os banc\u00e1rios e as banc\u00e1rias que permanecem no emprego est\u00e3o sobrecarregados, submetidos a metas abusivas e ao ass\u00e9dio moral, trabalhando no limite, estressados e adoecidos, e recebem um dos menores sal\u00e1rios da categoria, o que revela falta de respeito e valoriza\u00e7\u00e3o para quem mais contribui para produzir os lucros estrondosos do banco\u201d, afirma a secret\u00e1ria de Mulheres da Contraf-CUT, Deise Recoaro.<\/p>\n<p><strong>Cad\u00ea a reuni\u00e3o, Zabalza?<\/strong><\/p>\n<p>O presidente do Santander Brasil, Jes\u00fas Zabalza, ainda n\u00e3o marcou uma reuni\u00e3o com as entidades sindicais, ap\u00f3s duas cartas encaminhadas em maio. Em resposta enviada no dia 6 de junho, ele disse que \u201cem fun\u00e7\u00e3o de compromissos j\u00e1 assumidos, inclusive fora do Pa\u00eds e que me impossibilitam de receb\u00ea-los com a urg\u00eancia requerida, solicitarei \u00e0 Vice-Presid\u00eancia Executiva S\u00eanior que viabilize uma agenda futura para que a reuni\u00e3o ocorra oportunamente\u201d.<\/p>\n<p>Passados mais de 20 dias, Zabalza permanece em sil\u00eancio, mas se encontra no Pa\u00eds, tendo inaugurado na segunda-feira (23) o novo data-center do Santander em Campinas (SP). Nova carta para ele foi remetida nesta semana.<\/p>\n<p>A falta de di\u00e1logo \u00e9 tamb\u00e9m um descaso aos cerca de 25 mil clientes insatisfeitos que assinaram cartas ao presidente do Santander, onde se solidarizam com a luta pelo fim das demiss\u00f5es e querem redu\u00e7\u00e3o de tarifas e mais contrata\u00e7\u00f5es de funcion\u00e1rios. As correspond\u00eancias foram entregues para a diretora de Recursos Humanos, Vanessa Lobato.<\/p>\n<p>\u201cQueremos mostrar para Zabalza que \u00e9 preciso mudar esse modelo de gest\u00e3o baseado no corte de despesas\u201d, enfatiza a coordenadora da Comiss\u00e3o de Organiza\u00e7\u00e3o dos Empregados (COE) do Santander, Maria Rosani. \u201cO caminho para crescer no Brasil n\u00e3o \u00e9 reduzir custos, mas parar as demiss\u00f5es, fazer contrata\u00e7\u00f5es, melhorar as condi\u00e7\u00f5es de trabalho e o atendimento aos clientes, ampliar o cr\u00e9dito, baixar juros e tarifas, e investir no desenvolvimento econ\u00f4mico e social do Pa\u00eds\u201d, destaca.<\/p>\n<p>Fonte: Contraf-CUT com UNI Am\u00e9ricas Finan\u00e7as<\/p>\n","protected":false},"excerpt":{"rendered":"<p>A UNI Am\u00e9ricas Finan\u00e7as, bra\u00e7o do sindicato global que representa tr\u00eas milh\u00f5es de trabalhadores em bancos e seguros de todo mundo, lan\u00e7a nesta sexta-feira (27) uma campanha internacional contra as demiss\u00f5es do Santander no Brasil. Uma nova edi\u00e7\u00e3o do jornal Rede Global Banc\u00e1ria est\u00e1 sendo distribu\u00edda pelos sindicatos aos funcion\u00e1rios do banco espanhol, durante manifesta\u00e7\u00f5es [&hellip;]<\/p>\n","protected":false},"author":1,"featured_media":0,"comment_status":"","ping_status":"","sticky":false,"template":"","format":"standard","meta":{"footnotes":""},"categories":[3],"tags":[],"class_list":["post-1432","post","type-post","status-publish","format-standard","hentry","category-noticias"],"_links":{"self":[{"href":"https:\/\/hostnetart.com.br\/baixada\/wp-json\/wp\/v2\/posts\/1432","targetHints":{"allow":["GET"]}}],"collection":[{"href":"https:\/\/hostnetart.com.br\/baixada\/wp-json\/wp\/v2\/posts"}],"about":[{"href":"https:\/\/hostnetart.com.br\/baixada\/wp-json\/wp\/v2\/types\/post"}],"author":[{"embeddable":true,"href":"https:\/\/hostnetart.com.br\/baixada\/wp-json\/wp\/v2\/users\/1"}],"replies":[{"embeddable":true,"href":"https:\/\/hostnetart.com.br\/baixada\/wp-json\/wp\/v2\/comments?post=1432"}],"version-history":[{"count":0,"href":"https:\/\/hostnetart.com.br\/baixada\/wp-json\/wp\/v2\/posts\/1432\/revisions"}],"wp:attachment":[{"href":"https:\/\/hostnetart.com.br\/baixada\/wp-json\/wp\/v2\/media?parent=1432"}],"wp:term":[{"taxonomy":"category","embeddable":true,"href":"https:\/\/hostnetart.com.br\/baixada\/wp-json\/wp\/v2\/categories?post=1432"},{"taxonomy":"post_tag","embeddable":true,"href":"https:\/\/hostnetart.com.br\/baixada\/wp-json\/wp\/v2\/tags?post=1432"}],"curies":[{"name":"wp","href":"https:\/\/api.w.org\/{rel}","templated":true}]}}