{"id":14316,"date":"2023-07-21T13:52:34","date_gmt":"2023-07-21T16:52:34","guid":{"rendered":"https:\/\/hostnetart.com.br\/baixada\/caixa-abrira-uma-hora-mais-cedo-nesta-sexta-feira\/"},"modified":"2023-07-21T13:52:34","modified_gmt":"2023-07-21T16:52:34","slug":"caixa-abrira-uma-hora-mais-cedo-nesta-sexta-feira","status":"publish","type":"post","link":"https:\/\/hostnetart.com.br\/baixada\/caixa-abrira-uma-hora-mais-cedo-nesta-sexta-feira\/","title":{"rendered":"Caixa abrir\u00e1 uma hora mais cedo nesta sexta-feira"},"content":{"rendered":"<p>A Caixa Econ\u00f4mica Federal aderiu \u00e0 mobiliza\u00e7\u00e3o voltada \u00e0 renegocia\u00e7\u00e3o de d\u00edvidas proposta pelo Governo Federal com o programa Desenrola Brasil, lan\u00e7ado em junho pelo minist\u00e9rio da Fazenda para facilitar a renegocia\u00e7\u00e3o de d\u00edvidas e diminuir o n\u00famero de endividados no pa\u00eds. Todas as ag\u00eancias ser\u00e3o abertas ao p\u00fablico com uma hora de anteced\u00eancia, nesta sexta-feira (21), para atender os interessados em renegociar suas d\u00edvidas.<\/p>\n<p>Segundo o banco, os clientes poder\u00e3o pagar suas d\u00edvidas \u00e0 vista, com\u00a0<a href=\"https:\/\/www1.folha.uol.com.br\/mercado\/2023\/07\/bancos-oferecem-desconto-de-ate-96-e-parcelamento-em-dez-anos-no-desenrola.shtml#caixa-economica-federal\" target=\"_blank\" rel=\"noopener noreferrer\">descontos de at\u00e9 90%<\/a>, ou parcel\u00e1-las em at\u00e9 96 meses (oito anos), com juros a partir de 1,18% ao m\u00eas. A estimativa do ministro da Fazenda, Fernando Haddad, \u00e9 que, se todos os bancos aderirem, o programa limpe 2,5 milh\u00f5es de nomes.<\/p>\n<p>\u201c\u00c9 um programa importante, que pode ajudar muita gente e contribuir para a retomada do crescimento econ\u00f4mico do pa\u00eds. A Caixa, como sempre, tem muito a contribuir com os programas sociais do governo federal\u201d, observou a coordenadora da Comiss\u00e3o Executiva dos Empregados (CEE) da Caixa, Fabiana Uehara Proscholdt. \u201cOs empregados, como sempre, estar\u00e3o \u00e0 disposi\u00e7\u00e3o. Mas, j\u00e1 cobramos que haja dota\u00e7\u00e3o de recursos para o pagamento das horas-extras necess\u00e1rias para o atendimento ao p\u00fablico\u201d, completou. Em reuni\u00e3o com a CEE, ocorrida na quarta-feira (19), a\u00a0<a href=\"https:\/\/contrafcut.com.br\/noticias\/caixa-apresenta-ferramenta-que-substituira-gdp\/\" target=\"_blank\" rel=\"noopener noreferrer\">Caixa se comprometeu a pagar as horas-extras<\/a>.<\/p>\n<p>\u201cO pagamento das horas-extras \u00e9 fundamental. Existem casos de horas trabalhadas e n\u00e3o pagas. Mas, mais do que o pagamento das extras, o banco tamb\u00e9m precisa reconhecer o trabalho dos empregados nos programas internos de avalia\u00e7\u00e3o de desempenho\u201d, refor\u00e7ou o empregado da Caixa e diretor da Confedera\u00e7\u00e3o Nacional dos Trabalhadores do Ramo Financeiro (Contraf-CUT), Rafael de Castro.<\/p>\n<p>Al\u00e9m do Desenrola, voltado \u00e0 toda a popula\u00e7\u00e3o, a Caixa tamb\u00e9m espera atender seus pr\u00f3prios clientes com a campanha Tudo em Dia. A previs\u00e3o do banco \u00e9 beneficiar 400 mil micro e pequenas empresas, al\u00e9m de pessoas f\u00edsicas.<\/p>\n<p>No total, entre os dois programas, h\u00e1 um volume de 17,8 milh\u00f5es de contratos, que somam um passivo de aproximadamente R$ 22 bilh\u00f5es.<\/p>\n<h3><strong>\u201cHora besta\u201d<\/strong><\/h3>\n<p>\u201c\u00c9 preciso que haja dota\u00e7\u00e3o or\u00e7ament\u00e1ria tamb\u00e9m para o pagamento de horas-extras realizadas no dia a dia pelos empregados. Pois o trabalho nunca diminui e tem muito empregado fazendo \u2018hora besta\u2019 (quando trabalha e n\u00e3o recebe)\u201d, disse a coordenadora da CEE. \u201cTamb\u00e9m existem casos de banco de horas negativo, com empregados sendo dispensados na hora quando h\u00e1 baixa demanda para trabalhar a mais, sem receber quando h\u00e1 demanda excessiva. Isso, \u00e9 ruim para o empregado, que acaba sendo prejudicado nos programas de cumprimento de metas\u201d, completou.<\/p>\n<p><strong>Fonte: Contraf-CUT<\/strong><\/p>\n","protected":false},"excerpt":{"rendered":"<p>A Caixa Econ\u00f4mica Federal aderiu \u00e0 mobiliza\u00e7\u00e3o voltada \u00e0 renegocia\u00e7\u00e3o de d\u00edvidas proposta pelo Governo Federal com o programa Desenrola Brasil, lan\u00e7ado em junho pelo minist\u00e9rio da Fazenda para facilitar a renegocia\u00e7\u00e3o de d\u00edvidas e diminuir o n\u00famero de endividados no pa\u00eds. Todas as ag\u00eancias ser\u00e3o abertas ao p\u00fablico com uma hora de anteced\u00eancia, nesta [&hellip;]<\/p>\n","protected":false},"author":2,"featured_media":14315,"comment_status":"","ping_status":"","sticky":false,"template":"","format":"standard","meta":{"footnotes":""},"categories":[3],"tags":[],"class_list":["post-14316","post","type-post","status-publish","format-standard","has-post-thumbnail","hentry","category-noticias"],"_links":{"self":[{"href":"https:\/\/hostnetart.com.br\/baixada\/wp-json\/wp\/v2\/posts\/14316","targetHints":{"allow":["GET"]}}],"collection":[{"href":"https:\/\/hostnetart.com.br\/baixada\/wp-json\/wp\/v2\/posts"}],"about":[{"href":"https:\/\/hostnetart.com.br\/baixada\/wp-json\/wp\/v2\/types\/post"}],"author":[{"embeddable":true,"href":"https:\/\/hostnetart.com.br\/baixada\/wp-json\/wp\/v2\/users\/2"}],"replies":[{"embeddable":true,"href":"https:\/\/hostnetart.com.br\/baixada\/wp-json\/wp\/v2\/comments?post=14316"}],"version-history":[{"count":0,"href":"https:\/\/hostnetart.com.br\/baixada\/wp-json\/wp\/v2\/posts\/14316\/revisions"}],"wp:featuredmedia":[{"embeddable":true,"href":"https:\/\/hostnetart.com.br\/baixada\/wp-json\/wp\/v2\/media\/14315"}],"wp:attachment":[{"href":"https:\/\/hostnetart.com.br\/baixada\/wp-json\/wp\/v2\/media?parent=14316"}],"wp:term":[{"taxonomy":"category","embeddable":true,"href":"https:\/\/hostnetart.com.br\/baixada\/wp-json\/wp\/v2\/categories?post=14316"},{"taxonomy":"post_tag","embeddable":true,"href":"https:\/\/hostnetart.com.br\/baixada\/wp-json\/wp\/v2\/tags?post=14316"}],"curies":[{"name":"wp","href":"https:\/\/api.w.org\/{rel}","templated":true}]}}