{"id":14312,"date":"2023-07-20T14:26:42","date_gmt":"2023-07-20T17:26:42","guid":{"rendered":"https:\/\/hostnetart.com.br\/baixada\/curso-de-vigilancia-e-atencao-a-saude-dos-trabalhadores-debate-normas-e-arcabouco-legal\/"},"modified":"2023-07-20T14:26:42","modified_gmt":"2023-07-20T17:26:42","slug":"curso-de-vigilancia-e-atencao-a-saude-dos-trabalhadores-debate-normas-e-arcabouco-legal","status":"publish","type":"post","link":"https:\/\/hostnetart.com.br\/baixada\/curso-de-vigilancia-e-atencao-a-saude-dos-trabalhadores-debate-normas-e-arcabouco-legal\/","title":{"rendered":"Curso de Vigil\u00e2ncia e Aten\u00e7\u00e3o \u00e0 Sa\u00fade dos Trabalhadores debate normas e arcabou\u00e7o legal"},"content":{"rendered":"<p>O segundo m\u00f3dulo do Curso de Vigil\u00e2ncia e Aten\u00e7\u00e3o \u00e0 Sa\u00fade do Trabalhador, organizado pela Confedera\u00e7\u00e3o Nacional dos Trabalhadores do Ramo Financeiro (Contraf-CUT), foi realizado na tarde desta quarta-feira (19). O evento, no formato online, teve como eixo central aula da advogada Leonor Po\u00e7o, assessora jur\u00eddica do Sindicato dos Banc\u00e1rios de S\u00e3o Paulo, que se concentrou nos aspectos jur\u00eddicos relacionados \u00e0 sa\u00fade e condi\u00e7\u00f5es de trabalho na Conven\u00e7\u00e3o Coletiva de Trabalho (CCT) da categoria banc\u00e1ria, nos Acordos Coletivos de Trabalho (ACT), nas Normas Regulamentadoras (NRs) e nas Conven\u00e7\u00f5es da Organiza\u00e7\u00e3o Internacional do Trabalho (OIT).\u00a0<a href=\"https:\/\/contrafcut.com.br\/curso-de-vigilancia-e-atencao-a-saude-dos-trabalhadores-apresentacao-leonor-poco\/\" target=\"_blank\" rel=\"noopener noreferrer\">Veja aqui os principais pontos<\/a>.<\/p>\n<p>Para o secret\u00e1rio de Sa\u00fade da Contraf-CUT, Mauro Salles, \u201cao abordar o arcabou\u00e7o legal que garante direitos para efetivar a vigil\u00e2ncia, fiscaliza\u00e7\u00e3o e promo\u00e7\u00e3o da sa\u00fade, a dra. Leonor Po\u00e7o forneceu suporte t\u00e9cnico e pol\u00edtico para a a\u00e7\u00e3o sindical nos ambientes de trabalho, e isso torna-se mais relevante neste momento em que vemos o aumento do n\u00famero de adoecimentos relacionados ao trabalho, principalmente adoecimento ps\u00edquico\u201d.<\/p>\n<p>O secret\u00e1rio de Forma\u00e7\u00e3o da Contraf-CUT, Rafael Zanon, ressaltou que \u201ca grande participa\u00e7\u00e3o de dirigentes mostra a import\u00e2ncia do curso, que tem sido fundamental para sistematizar o conhecimento e aprimorar as ferramentas para as entidades sindicais atuarem no setor e aprofundar a luta em defesa da sa\u00fade do trabalhador\u201d.<\/p>\n<p>O ciclo, que ainda ter\u00e1 dois outros m\u00f3dulos (veja detalhes abaixo), visa o aprimoramento da forma\u00e7\u00e3o de dirigentes sindicais da categoria nos temas de sa\u00fade ocupacional e seus desdobramentos.<\/p>\n<h3><strong>M\u00f3dulo 1<\/strong><\/h3>\n<p>O curso come\u00e7ou em 28 de junho, em modo presencial, no audit\u00f3rio da Contraf-CUT, em S\u00e3o Paulo. A m\u00e9dica e pesquisadora da Funda\u00e7\u00e3o Jorge Duprat Figueiredo de Seguran\u00e7a e Medicina do Trabalho, Maria Maeno, conduziu as reflex\u00f5es sobre vigil\u00e2ncia em sa\u00fade do trabalhador.<\/p>\n<p>A segunda aula, no dia seguinte, teve como tema a sa\u00fade no contexto do trabalho banc\u00e1rio, ministrada pelo psic\u00f3logo Andr\u00e9 Guerra, doutor e mestre em Psicologia Social e Institucional. O evento promoveu reflex\u00e3o sobre os desafios enfrentados pelos trabalhadores no ambiente banc\u00e1rio e a import\u00e2ncia da sa\u00fade f\u00edsica e mental nesse contexto.<\/p>\n<p>Os encontros contam sempre com debates e trocas de experi\u00eancias entre os participantes. As pr\u00f3ximas etapas acontecem dia 23 de agosto, com o m\u00f3dulo \u201cOrganizando a a\u00e7\u00e3o\u201d (online), e nos dias 19 e 20 de outubro, para as duas \u00faltimas aulas (presenciais), com os temas \u201cVigil\u00e2ncia em A\u00e7\u00e3o\u201d e \u201cAcolhimento dos Trabalhadores\u201d.<\/p>\n<p><strong>Fonte: Contraf-CUT<\/strong><\/p>\n","protected":false},"excerpt":{"rendered":"<p>O segundo m\u00f3dulo do Curso de Vigil\u00e2ncia e Aten\u00e7\u00e3o \u00e0 Sa\u00fade do Trabalhador, organizado pela Confedera\u00e7\u00e3o Nacional dos Trabalhadores do Ramo Financeiro (Contraf-CUT), foi realizado na tarde desta quarta-feira (19). O evento, no formato online, teve como eixo central aula da advogada Leonor Po\u00e7o, assessora jur\u00eddica do Sindicato dos Banc\u00e1rios de S\u00e3o Paulo, que se [&hellip;]<\/p>\n","protected":false},"author":2,"featured_media":14311,"comment_status":"","ping_status":"","sticky":false,"template":"","format":"standard","meta":{"footnotes":""},"categories":[3],"tags":[],"class_list":["post-14312","post","type-post","status-publish","format-standard","has-post-thumbnail","hentry","category-noticias"],"_links":{"self":[{"href":"https:\/\/hostnetart.com.br\/baixada\/wp-json\/wp\/v2\/posts\/14312","targetHints":{"allow":["GET"]}}],"collection":[{"href":"https:\/\/hostnetart.com.br\/baixada\/wp-json\/wp\/v2\/posts"}],"about":[{"href":"https:\/\/hostnetart.com.br\/baixada\/wp-json\/wp\/v2\/types\/post"}],"author":[{"embeddable":true,"href":"https:\/\/hostnetart.com.br\/baixada\/wp-json\/wp\/v2\/users\/2"}],"replies":[{"embeddable":true,"href":"https:\/\/hostnetart.com.br\/baixada\/wp-json\/wp\/v2\/comments?post=14312"}],"version-history":[{"count":0,"href":"https:\/\/hostnetart.com.br\/baixada\/wp-json\/wp\/v2\/posts\/14312\/revisions"}],"wp:featuredmedia":[{"embeddable":true,"href":"https:\/\/hostnetart.com.br\/baixada\/wp-json\/wp\/v2\/media\/14311"}],"wp:attachment":[{"href":"https:\/\/hostnetart.com.br\/baixada\/wp-json\/wp\/v2\/media?parent=14312"}],"wp:term":[{"taxonomy":"category","embeddable":true,"href":"https:\/\/hostnetart.com.br\/baixada\/wp-json\/wp\/v2\/categories?post=14312"},{"taxonomy":"post_tag","embeddable":true,"href":"https:\/\/hostnetart.com.br\/baixada\/wp-json\/wp\/v2\/tags?post=14312"}],"curies":[{"name":"wp","href":"https:\/\/api.w.org\/{rel}","templated":true}]}}