{"id":1431,"date":"2013-08-23T00:00:00","date_gmt":"2013-08-23T03:00:00","guid":{"rendered":"https:\/\/hostnetart.com.br\/baixada\/comando-faz-segunda-rodada-de-negociacao-especifica-com-bb-nesta-sexta\/"},"modified":"2013-08-23T00:00:00","modified_gmt":"2013-08-23T03:00:00","slug":"comando-faz-segunda-rodada-de-negociacao-especifica-com-bb-nesta-sexta","status":"publish","type":"post","link":"https:\/\/hostnetart.com.br\/baixada\/comando-faz-segunda-rodada-de-negociacao-especifica-com-bb-nesta-sexta\/","title":{"rendered":"Comando faz segunda rodada de negocia\u00e7\u00e3o espec\u00edfica com BB nesta sexta"},"content":{"rendered":"<p>O Comando Nacional dos Banc\u00e1rios, coordenado pela Contraf-CUT e assessorado pela Comiss\u00e3o de Empresa dos Funcion\u00e1rios do Banco do Brasil, realiza nesta sexta-feira 23 \u00e0s 10h, em S\u00e3o Paulo, a segunda rodada das negocia\u00e7\u00f5es espec\u00edficas com a dire\u00e7\u00e3o do BB, para prosseguir nas reivindica\u00e7\u00f5es de sa\u00fade, previd\u00eancia, seguran\u00e7a, condi\u00e7\u00f5es de trabalho e igualdade de oportunidades.<\/p>\n<p>Veja aqui como foi a primeira rodada de negocia\u00e7\u00e3o, realizada no dia 13 de agosto em Bras\u00edlia.<\/p>\n<p><strong>Cassi e Previ para todos<\/strong><\/p>\n<p>A pauta de reivindica\u00e7\u00f5es espec\u00edficas condena a discrimina\u00e7\u00e3o dos cerca de 15 funcion\u00e1rios oriundos dos bancos incorporados pelo BB e exige que tenham o direito de usufruir a assist\u00eancia m\u00e9dica da Cassi, bem como de terem os mesmos direitos que os mais de 100 mil funcion\u00e1rios benefici\u00e1rios da previd\u00eancia complementar da Previ.<\/p>\n<p>\u201cN\u00e3o queremos esperar v\u00e1rios anos de embates judiciais para incluir todos os banc\u00e1rios dos bancos incorporados na Cassi e na Previ. Queremos uma solu\u00e7\u00e3o negociada e o mais r\u00e1pido poss\u00edvel\u201d, defenda William Mendes, diretor de Forma\u00e7\u00e3o da Contraf-CUT e coordenador da Comiss\u00e3o de Empresa dos Funcion\u00e1rios do BB.<\/p>\n<p><strong>Preserva\u00e7\u00e3o da sa\u00fade<\/strong><\/p>\n<p>O adoecimento por m\u00e1s condi\u00e7\u00f5es de trabalho, pelos abusos nas cobran\u00e7as de metas e pelo ass\u00e9dio moral \u00e9 um grande problema enfrentado pelos banc\u00e1rios do BB. \u201cQueremos resolver essa quest\u00e3o de uma vez por todas para que nenhum banc\u00e1rio perca sal\u00e1rio e ou fun\u00e7\u00e3o quando estiver afastado para tratamento m\u00e9dico\u201d, diz William.<\/p>\n<p>Outra coisa que os funcion\u00e1rios esperam solu\u00e7\u00e3o \u00e9 sobre o plano odontol\u00f3gico. Hoje ele \u00e9 um plano t\u00e3o limitado que os banc\u00e1rios n\u00e3o conseguem utiliz\u00e1-los. \u201cAl\u00e9m disso, queremos incluir no plano todos os aposentados\u201d, avisa o coordenador da Comiss\u00e3o de Empresa.<\/p>\n<p><strong>Combate \u00e0s metas abusivas e ao ass\u00e9dio moral<\/strong><\/p>\n<p>Assim como a categoria banc\u00e1ria est\u00e1 cobrando fortemente na Fenaban o aprofundamento de medidas de combate ao ass\u00e9dio moral nas cobran\u00e7as de metas, o funcionalismo que incluir no aditivo do BB a proibi\u00e7\u00e3o de cobran\u00e7as de metas via dezenas de sms, emails e telefones di\u00e1rios, inclusive fora da jornada de trabalho do banc\u00e1rio.<\/p>\n<p>\u201cAl\u00e9m disso, queremos o fim da cobran\u00e7a de metas individuais e di\u00e1rias e que o banco retire as metas individuais da nova GDP. Essa viol\u00eancia nas cobran\u00e7as \u00e9 um dos maiores males do dia a dia do banc\u00e1rio\u201d, critica William.<\/p>\n<p><strong>Mais contrata\u00e7\u00f5es<\/strong><\/p>\n<p>A cobran\u00e7a por aumento nas dota\u00e7\u00f5es das unidades \u00e9 uma reivindica\u00e7\u00e3o tanto dos administradores quanto dos banc\u00e1rios e dos concursados. Em vez disso, o BB est\u00e1 diminuindo o quadro de funcion\u00e1rios com programas de incentivo ao afastamento e n\u00e3o substitui\u00e7\u00e3o de aposentados.<\/p>\n<p>\u201cQueremos a contrata\u00e7\u00e3o urgente de cinco mil banc\u00e1rios e a chamada de todos os aprovados nos \u00faltimos concursos\u201d, reivindica o diretor da Contraf-CUT.<\/p>\n<p><strong>Ascens\u00e3o profissional<\/strong><\/p>\n<p>Outro tema fundamental para acabar com as injusti\u00e7as e apadrinhamentos nos locais de trabalho \u00e9 o estabelecimento de processos de sele\u00e7\u00e3o interna com regras claras, objetivas e transparentes, al\u00e9m de melhorias na cl\u00e1usula contra descomissionamento.<\/p>\n<p>\u201cO BB \u00e9 a \u00fanica empresa onde a carreira tem regress\u00e3o, porque os funcion\u00e1rios s\u00e3o descomissionados e t\u00eam redu\u00e7\u00e3o salarial quando s\u00e3o transferidos para unidades com sal\u00e1rios menores, como puni\u00e7\u00e3o por n\u00e3o cumprirem metas imposs\u00edveis. Isso acontece inclusive com os primeiros gestores\u201d, critica William.<\/p>\n<p><strong>PSO\/Caixas<\/strong><\/p>\n<p>A busca de solu\u00e7\u00f5es para os graves problemas de trabalho nas Plataformas de Suporte Operacional (PSO), que executam o atendimento de caixas das ag\u00eancias, \u00e9 mais uma cl\u00e1usula importante da pauta de reivindica\u00e7\u00f5es espec\u00edficas.<\/p>\n<p>Para o Comando Nacional, a primeira quest\u00e3o b\u00e1sica \u00e9 avan\u00e7ar na carreira de m\u00e9rito, ou seja, buscar que os caixas pontuem um ponto por dia e que a pontua\u00e7\u00e3o retroaja no hist\u00f3rico funcional. \u201cE tamb\u00e9m queremos a nomea\u00e7\u00e3o de todos os caixas e o aumento da dota\u00e7\u00e3o\u201d, acrescenta o dirigente.<\/p>\n<p><strong>Volta do pagamento das substitui\u00e7\u00f5es<\/strong><\/p>\n<p>\u00a0<\/p>\n<p>Uma das quest\u00f5es que precisam avan\u00e7ar no banco \u00e9 a volta do pagamento da substitui\u00e7\u00e3o, pois al\u00e9m de acabar com os desvios de fun\u00e7\u00e3o ela tem car\u00e1ter formativo e seria fundamental para resolver quest\u00f5es como, por exemplo, no setor dos gerentes de servi\u00e7o das PSO, que t\u00eam um grande ac\u00famulo de tarefas e quando est\u00e3o ausentes, os caixas e escritur\u00e1rios realizam os servi\u00e7os nas PSO sem receber pela responsabilidade.<\/p>\n<p>\u00a0<\/p>\n<p>\u201cTamb\u00e9m nos casos de afastamentos para tratamento de sa\u00fade defendemos que os banc\u00e1rios n\u00e3o devem perder sua fun\u00e7\u00e3o e dota\u00e7\u00e3o. E sim permitir que os gestores tivessem substitutos remunerados para os afastados de suas unidades durante esse per\u00edodo\u201d, conclui William.<\/p>\n<p>\u00a0<\/p>\n<p>A terceira rodada de negocia\u00e7\u00e3o das reivindica\u00e7\u00f5es espec\u00edficas do BB est\u00e3o marcadas para a quinta-feira 29, em Bras\u00edlia, para discutir remunera\u00e7\u00e3o, carreira e demais quest\u00f5es econ\u00f4micas.<\/p>\n<p>\u00a0<\/p>\n<p>Fonte: Contraf-CUT<\/p>\n","protected":false},"excerpt":{"rendered":"<p>O Comando Nacional dos Banc\u00e1rios, coordenado pela Contraf-CUT e assessorado pela Comiss\u00e3o de Empresa dos Funcion\u00e1rios do Banco do Brasil, realiza nesta sexta-feira 23 \u00e0s 10h, em S\u00e3o Paulo, a segunda rodada das negocia\u00e7\u00f5es espec\u00edficas com a dire\u00e7\u00e3o do BB, para prosseguir nas reivindica\u00e7\u00f5es de sa\u00fade, previd\u00eancia, seguran\u00e7a, condi\u00e7\u00f5es de trabalho e igualdade de oportunidades. [&hellip;]<\/p>\n","protected":false},"author":1,"featured_media":0,"comment_status":"","ping_status":"","sticky":false,"template":"","format":"standard","meta":{"footnotes":""},"categories":[3],"tags":[],"class_list":["post-1431","post","type-post","status-publish","format-standard","hentry","category-noticias"],"_links":{"self":[{"href":"https:\/\/hostnetart.com.br\/baixada\/wp-json\/wp\/v2\/posts\/1431","targetHints":{"allow":["GET"]}}],"collection":[{"href":"https:\/\/hostnetart.com.br\/baixada\/wp-json\/wp\/v2\/posts"}],"about":[{"href":"https:\/\/hostnetart.com.br\/baixada\/wp-json\/wp\/v2\/types\/post"}],"author":[{"embeddable":true,"href":"https:\/\/hostnetart.com.br\/baixada\/wp-json\/wp\/v2\/users\/1"}],"replies":[{"embeddable":true,"href":"https:\/\/hostnetart.com.br\/baixada\/wp-json\/wp\/v2\/comments?post=1431"}],"version-history":[{"count":0,"href":"https:\/\/hostnetart.com.br\/baixada\/wp-json\/wp\/v2\/posts\/1431\/revisions"}],"wp:attachment":[{"href":"https:\/\/hostnetart.com.br\/baixada\/wp-json\/wp\/v2\/media?parent=1431"}],"wp:term":[{"taxonomy":"category","embeddable":true,"href":"https:\/\/hostnetart.com.br\/baixada\/wp-json\/wp\/v2\/categories?post=1431"},{"taxonomy":"post_tag","embeddable":true,"href":"https:\/\/hostnetart.com.br\/baixada\/wp-json\/wp\/v2\/tags?post=1431"}],"curies":[{"name":"wp","href":"https:\/\/api.w.org\/{rel}","templated":true}]}}