{"id":14304,"date":"2023-07-20T13:57:46","date_gmt":"2023-07-20T16:57:46","guid":{"rendered":"https:\/\/hostnetart.com.br\/baixada\/representantes-do-basta-nao-irao-nos-calar-se-reunem-para-troca-de-experiencias\/"},"modified":"2023-07-20T13:57:46","modified_gmt":"2023-07-20T16:57:46","slug":"representantes-do-basta-nao-irao-nos-calar-se-reunem-para-troca-de-experiencias","status":"publish","type":"post","link":"https:\/\/hostnetart.com.br\/baixada\/representantes-do-basta-nao-irao-nos-calar-se-reunem-para-troca-de-experiencias\/","title":{"rendered":"Representantes do \u201cBasta! N\u00e3o ir\u00e3o nos calar\u201d se re\u00fanem para troca de experi\u00eancias"},"content":{"rendered":"<p>Representantes dos canais \u201cBasta! N\u00e3o ir\u00e3o nos calar\u201d, atualmente presentes em 12 sindicatos e federa\u00e7\u00f5es de banc\u00e1rios, se reuniram no dia 12 de julho, para balan\u00e7o e troca de experi\u00eancias sobre o projeto, que oferece atendimento jur\u00eddico a mulheres em situa\u00e7\u00e3o de viol\u00eancia dom\u00e9stica e familiar.<\/p>\n<p>O encontro foi promovido pela secretaria da Mulher da Confedera\u00e7\u00e3o Nacional dos Trabalhadores do Ramo Financeiro (Contraf-CUT). \u201cEssa \u00e9 a segunda atividade do tipo que realizamos. E o resultado que tivemos, mais uma vez, foi muito produtivo, porque estamos aprofundando o conhecimento sobre os desafios locais e discutindo parcerias para encontrar solu\u00e7\u00f5es. Ent\u00e3o, essa \u00e9 a import\u00e2ncia desse espa\u00e7o de troca\u201d, explicou a secret\u00e1ria da Mulher da Contraf-CUT, Fernanda Lopes.<\/p>\n<p>A advogada e assessora t\u00e9cnica para a implementa\u00e7\u00e3o do Basta, Phamela Godoy, destacou que tamb\u00e9m foram debatidas dificuldades em rela\u00e7\u00e3o ao sistema judici\u00e1rio e fragilidades da Lei Maria da Penha. \u201cCom isso, entre as resolu\u00e7\u00f5es que tiramos deste encontro est\u00e3o a\u00e7\u00f5es que vamos desenvolver, junto \u00e0 secretaria da Mulher da Contraf, para, conhecendo melhor esses mecanismos e seus gargalos, ampliar as ferramentas de apoio \u00e0s mulheres que chegam at\u00e9 o Basta\u201d, completou.<\/p>\n<h3><strong>Entenda<\/strong><\/h3>\n<ul>\n<li>O \u201cBasta! N\u00e3o ir\u00e3o nos calar\u201d \u00e9 um projeto de assessoria jur\u00eddica para mulheres em situa\u00e7\u00e3o de viol\u00eancia dom\u00e9stica e familiar, que nasceu no Sindicato dos Banc\u00e1rios de S\u00e3o Paulo, Osasco e Regi\u00e3o, em 2019.<\/li>\n<li>Cerca de dois anos depois, em agosto de 2021, foi lan\u00e7ado em \u00e2mbito nacional pela Contraf-CUT.<\/li>\n<li>O papel da Contraf-CUT no Basta! \u00e9 apoiar a implanta\u00e7\u00e3o dos servi\u00e7os de atendimento \u00e0s v\u00edtimas de viol\u00eancia dom\u00e9stica e familiar.<\/li>\n<li>O desenvolvimento do projeto \u00e9, por sua vez, realizado pelas federa\u00e7\u00f5es e sindicatos da categoria banc\u00e1ria, onde s\u00e3o estabelecidos os canais para as v\u00edtimas contatarem assessoria jur\u00eddica, desde a orienta\u00e7\u00e3o para a procura dos canais e servi\u00e7os p\u00fablicos at\u00e9 orienta\u00e7\u00f5es sobre quest\u00f5es como guarda dos filhos.<\/li>\n<li>At\u00e9 mar\u00e7o de 2023, os canais do Basta! haviam atendido 360 pessoas, sendo 358 mulheres e dois homens parentes de mulheres em situa\u00e7\u00e3o de viol\u00eancia dom\u00e9stica ou familiar.<\/li>\n<li>Do total de atendimentos, foram geradas 256 a\u00e7\u00f5es judiciais, sendo 164 pedidos de medida protetiva de urg\u00eancia obtidos com a assessoria dos sindicatos \u00e0s v\u00edtimas.<\/li>\n<li>A implanta\u00e7\u00e3o do Basta! acontece em cinco etapas:<\/li>\n<\/ul>\n<ol>\n<li>Primeiro \u00e9 definir como se dar\u00e1 o atendimento inicial \u00e0s v\u00edtimas, se por meio de redes sociais, por telefone ou atendimento presencial. Tamb\u00e9m \u00e9 necess\u00e1rio definir o hor\u00e1rio de atendimento.<\/li>\n<li>Na segunda fase, ocorre a defini\u00e7\u00e3o de quem far\u00e1 o atendimento, se dirigentes sindicais, advogadas da entidade ou advogadas parceiras.<\/li>\n<li>Na terceira, \u00e9 a forma\u00e7\u00e3o da equipe do projeto, em um curso com 30 horas de dura\u00e7\u00e3o (discuss\u00e3o de temas como desigualdades, atendimento humanizado, Lei Maria da Penha e outros instrumentos legislativos).<\/li>\n<li>A quarta fase \u00e9 sobre a articula\u00e7\u00e3o com a rede local de enfrentamento \u00e0 viol\u00eancia dom\u00e9stica, como os servi\u00e7os dispon\u00edveis na regi\u00e3o.<\/li>\n<li>A \u00faltima etapa \u00e9 a de acompanhamento dos primeiros atendimentos.<\/li>\n<\/ol>\n<p><a href=\"https:\/\/contrafcut.com.br\/publicacoes\/cartilha-projeto-basta-nao-irao-nos-calar\/\"><strong>Acesse a cartilha do Projeto Basta<\/strong><\/a>, dispon\u00edvel para download na \u00e1rea restrita do site Contra-CUT.<\/p>\n<p><strong>Confira abaixo os sindicatos com canais \u201cBasta! N\u00e3o ir\u00e3o nos calar!\u201d<\/strong>\u00a0<strong>em funcionamento:<\/strong><\/p>\n<p>1.\u00a0<strong>S\u00e3o Paulo, Osasco e Regi\u00e3o<\/strong>, atende via whatsapp (11) 97325-7975.<br \/>2.\u00a0<strong>Bras\u00edlia<\/strong>, atende via whatsapp (61) 9292-5294.<br \/>3.\u00a0<strong>Pernambuco<\/strong>, atende via whatsapp (81) 97347-3585.<br \/>4.\u00a0<strong>Para\u00edba<\/strong>, atende via whatsapp (83) 9123-9845.<br \/>5.\u00a0<strong>Rio de Janeiro<\/strong>, atende via whatsapp (21) 98013-0042.<br \/>6.\u00a0<strong>Porto Alegre e Regi\u00e3o<\/strong>, atende via whatsapp (51) 97401-0902.<br \/>7.\u00a0<strong>Campinas e Regi\u00e3o<\/strong>, atende via whatsapp (19) 99814-6417.<br \/>8.\u00a0<strong>ABC<\/strong>, atende via whatsapp (11) 98244-1637.<br \/>9.\u00a0<strong>Piracicaba e Regi\u00e3o<\/strong>, canal SindBan Acolhe, atende via telefone (19) 3417-1333.<br \/>10.\u00a0<strong>Belo Horizonte e Regi\u00e3o<\/strong>, atende via telefone (31) 3279-7800.<br \/>11.\u00a0<strong>Catanduva, S\u00e3o Paulo<\/strong>, atende via telefone (11) 99591-7733.<br \/>12.\u00a0<strong>Rond\u00f4nia<\/strong>, atende via telefone (69) 9214-0464.<\/p>\n<p><strong>Fonte: Contraf-CUT<\/strong><\/p>\n","protected":false},"excerpt":{"rendered":"<p>Representantes dos canais \u201cBasta! N\u00e3o ir\u00e3o nos calar\u201d, atualmente presentes em 12 sindicatos e federa\u00e7\u00f5es de banc\u00e1rios, se reuniram no dia 12 de julho, para balan\u00e7o e troca de experi\u00eancias sobre o projeto, que oferece atendimento jur\u00eddico a mulheres em situa\u00e7\u00e3o de viol\u00eancia dom\u00e9stica e familiar. O encontro foi promovido pela secretaria da Mulher da [&hellip;]<\/p>\n","protected":false},"author":2,"featured_media":14303,"comment_status":"","ping_status":"","sticky":false,"template":"","format":"standard","meta":{"footnotes":""},"categories":[3],"tags":[],"class_list":["post-14304","post","type-post","status-publish","format-standard","has-post-thumbnail","hentry","category-noticias"],"_links":{"self":[{"href":"https:\/\/hostnetart.com.br\/baixada\/wp-json\/wp\/v2\/posts\/14304","targetHints":{"allow":["GET"]}}],"collection":[{"href":"https:\/\/hostnetart.com.br\/baixada\/wp-json\/wp\/v2\/posts"}],"about":[{"href":"https:\/\/hostnetart.com.br\/baixada\/wp-json\/wp\/v2\/types\/post"}],"author":[{"embeddable":true,"href":"https:\/\/hostnetart.com.br\/baixada\/wp-json\/wp\/v2\/users\/2"}],"replies":[{"embeddable":true,"href":"https:\/\/hostnetart.com.br\/baixada\/wp-json\/wp\/v2\/comments?post=14304"}],"version-history":[{"count":0,"href":"https:\/\/hostnetart.com.br\/baixada\/wp-json\/wp\/v2\/posts\/14304\/revisions"}],"wp:featuredmedia":[{"embeddable":true,"href":"https:\/\/hostnetart.com.br\/baixada\/wp-json\/wp\/v2\/media\/14303"}],"wp:attachment":[{"href":"https:\/\/hostnetart.com.br\/baixada\/wp-json\/wp\/v2\/media?parent=14304"}],"wp:term":[{"taxonomy":"category","embeddable":true,"href":"https:\/\/hostnetart.com.br\/baixada\/wp-json\/wp\/v2\/categories?post=14304"},{"taxonomy":"post_tag","embeddable":true,"href":"https:\/\/hostnetart.com.br\/baixada\/wp-json\/wp\/v2\/tags?post=14304"}],"curies":[{"name":"wp","href":"https:\/\/api.w.org\/{rel}","templated":true}]}}