{"id":14300,"date":"2023-07-19T15:25:41","date_gmt":"2023-07-19T18:25:41","guid":{"rendered":"https:\/\/hostnetart.com.br\/baixada\/consulta-nacional-segue-na-categoria-bancaria\/"},"modified":"2023-07-19T15:25:41","modified_gmt":"2023-07-19T18:25:41","slug":"consulta-nacional-segue-na-categoria-bancaria","status":"publish","type":"post","link":"https:\/\/hostnetart.com.br\/baixada\/consulta-nacional-segue-na-categoria-bancaria\/","title":{"rendered":"Consulta Nacional segue na categoria banc\u00e1ria"},"content":{"rendered":"<p>A Consulta Nacional \u00e0s Banc\u00e1rias e Banc\u00e1rios 2023 j\u00e1 est\u00e1 em andamento e segue at\u00e9 o dia 2 de agosto. O levantamento \u00e9 anual e \u00e9 utilizado para o diagn\u00f3stico das condi\u00e7\u00f5es de trabalho e para saber a opini\u00e3o da categoria sobre quest\u00f5es nacionais relevantes e seus anseios. Podem participar todas e todos os profissionais do setor, sindicalizados ou n\u00e3o, pelo <em>link<\/em> <a href=\"https:\/\/consulta-bancarios.votabem.com.br\/\" target=\"_blank\" rel=\"noopener noreferrer\">https:\/\/consulta-bancarios.votabem.com.br\/<\/a>.<\/p>\n<p>Nos anos de negocia\u00e7\u00e3o salarial com os bancos, o question\u00e1rio tamb\u00e9m \u00e9 utilizado para a defini\u00e7\u00e3o da pauta de reivindica\u00e7\u00f5es. A pesquisa \u00e9 organizada pela Confedera\u00e7\u00e3o Nacional dos Trabalhadores do Ramo Financeiro (Contraf-CUT), com apoio das federa\u00e7\u00f5es e sindicatos filiados, e pelo Comando Nacional dos Banc\u00e1rios.<\/p>\n<h3><strong>Conjuntura Nacional<\/strong><\/h3>\n<p>Neste ano, em que n\u00e3o h\u00e1 campanha, pois a Conven\u00e7\u00e3o Coletiva de Trabalho (CCT) de 2022 tem validade de dois anos, a Consulta se concentra em quest\u00f5es de sa\u00fade da categoria e a rela\u00e7\u00e3o dos trabalhadores com suas entidades sindicais, al\u00e9m de temas nacionais.<\/p>\n<p>Nessa parte, s\u00e3o feitas perguntas sobre a reforma tribut\u00e1ria; a necessidade de queda das taxas de juros; a independ\u00eancia do Banco Central; a Lei 1.085\/23, sobre igualdade salarial entre homens e mulheres; e a regulamenta\u00e7\u00e3o da internet, com o objetivo de se evitar a propaga\u00e7\u00e3o de mentiras e a incita\u00e7\u00e3o ao \u00f3dio por meios digitais.<\/p>\n<h3><strong>Rela\u00e7\u00e3o com a categoria<\/strong><\/h3>\n<p>\u201cA Consulta \u00e9 fundamental para sabermos como as banc\u00e1rias e banc\u00e1rios pensam, quais problemas enfrentam no ambiente de trabalho e quais s\u00e3o os seus anseios\u201d, afirmou a presidenta da Contraf-CUT, Juvandia Moreira. \u201cEssa \u00e9 uma ferramenta muito eficaz de rela\u00e7\u00e3o das entidades sindicais com a categoria banc\u00e1ria, que est\u00e1 presente em praticamente todas as localidades do pa\u00eds e \u00e9 fundamental tanto para as pessoas quanto para a economia do pa\u00eds\u201d, completou.<\/p>\n<p>Juvandia, que tamb\u00e9m \u00e9 vice-presidenta da Central \u00danica dos Trabalhadores (CUT), lembra que a Consulta do ano passado foi fundamental para a negocia\u00e7\u00e3o com os bancos, na Campanha Nacional. \u201cTivemos mais de 35 mil formul\u00e1rios respondidos, o que \u00e9 um resultado formid\u00e1vel\u201d, avalia. \u201cO Comando Nacional dos Banc\u00e1rios, com a Consulta em m\u00e3os, foi com muita for\u00e7a para a negocia\u00e7\u00e3o da nova CCT, pois os dados mostravam quais eram as reais necessidades da categoria\u201d, lembrou a dirigente.<\/p>\n<h3><strong>For\u00e7a na negocia\u00e7\u00e3o<\/strong><\/h3>\n<p>Em 2022, os banc\u00e1rios indicaram como prioridade nas negocia\u00e7\u00f5es, o aumento real, manuten\u00e7\u00e3o do emprego e dos direitos adquiridos, combate ao ass\u00e9dio moral, condi\u00e7\u00f5es de sa\u00fade no trabalho, igualdade de oportunidades e defini\u00e7\u00f5es para o teletrabalho. Juvandia observou que, \u201cem toda essa pauta, a negocia\u00e7\u00e3o obteve \u00eaxito, inclusive com a formula\u00e7\u00e3o de um cap\u00edtulo espec\u00edfico para o teletrabalho, modalidade decisiva para a categoria, com cl\u00e1usulas que garantem condi\u00e7\u00f5es econ\u00f4micas, profissionais e de sa\u00fade em patamares muito superiores \u00e0 legisla\u00e7\u00e3o sobre o assunto\u201d.<\/p>\n<p>Os dados compilados da Consulta Nacional ser\u00e3o apresentados na 25\u00aa Confer\u00eancia Nacional dos Banc\u00e1rios, que ocorrer\u00e1 de 4 a 6 de agosto, em S\u00e3o Paulo.<\/p>\n<p><b>Fonte: Contraf-CUT<\/b><\/p>\n","protected":false},"excerpt":{"rendered":"<p>A Consulta Nacional \u00e0s Banc\u00e1rias e Banc\u00e1rios 2023 j\u00e1 est\u00e1 em andamento e segue at\u00e9 o dia 2 de agosto. O levantamento \u00e9 anual e \u00e9 utilizado para o diagn\u00f3stico das condi\u00e7\u00f5es de trabalho e para saber a opini\u00e3o da categoria sobre quest\u00f5es nacionais relevantes e seus anseios. Podem participar todas e todos os profissionais [&hellip;]<\/p>\n","protected":false},"author":2,"featured_media":14299,"comment_status":"","ping_status":"","sticky":false,"template":"","format":"standard","meta":{"footnotes":""},"categories":[3],"tags":[],"class_list":["post-14300","post","type-post","status-publish","format-standard","has-post-thumbnail","hentry","category-noticias"],"_links":{"self":[{"href":"https:\/\/hostnetart.com.br\/baixada\/wp-json\/wp\/v2\/posts\/14300","targetHints":{"allow":["GET"]}}],"collection":[{"href":"https:\/\/hostnetart.com.br\/baixada\/wp-json\/wp\/v2\/posts"}],"about":[{"href":"https:\/\/hostnetart.com.br\/baixada\/wp-json\/wp\/v2\/types\/post"}],"author":[{"embeddable":true,"href":"https:\/\/hostnetart.com.br\/baixada\/wp-json\/wp\/v2\/users\/2"}],"replies":[{"embeddable":true,"href":"https:\/\/hostnetart.com.br\/baixada\/wp-json\/wp\/v2\/comments?post=14300"}],"version-history":[{"count":0,"href":"https:\/\/hostnetart.com.br\/baixada\/wp-json\/wp\/v2\/posts\/14300\/revisions"}],"wp:featuredmedia":[{"embeddable":true,"href":"https:\/\/hostnetart.com.br\/baixada\/wp-json\/wp\/v2\/media\/14299"}],"wp:attachment":[{"href":"https:\/\/hostnetart.com.br\/baixada\/wp-json\/wp\/v2\/media?parent=14300"}],"wp:term":[{"taxonomy":"category","embeddable":true,"href":"https:\/\/hostnetart.com.br\/baixada\/wp-json\/wp\/v2\/categories?post=14300"},{"taxonomy":"post_tag","embeddable":true,"href":"https:\/\/hostnetart.com.br\/baixada\/wp-json\/wp\/v2\/tags?post=14300"}],"curies":[{"name":"wp","href":"https:\/\/api.w.org\/{rel}","templated":true}]}}