{"id":14296,"date":"2023-07-17T20:23:02","date_gmt":"2023-07-17T23:23:02","guid":{"rendered":"https:\/\/hostnetart.com.br\/baixada\/movimento-sindical-cobra-fenaban-sobre-expediente-em-dias-de-jogos-da-selecao-feminina\/"},"modified":"2023-07-17T20:23:02","modified_gmt":"2023-07-17T23:23:02","slug":"movimento-sindical-cobra-fenaban-sobre-expediente-em-dias-de-jogos-da-selecao-feminina","status":"publish","type":"post","link":"https:\/\/hostnetart.com.br\/baixada\/movimento-sindical-cobra-fenaban-sobre-expediente-em-dias-de-jogos-da-selecao-feminina\/","title":{"rendered":"Movimento Sindical cobra Fenaban sobre expediente em dias de jogos da sele\u00e7\u00e3o feminina"},"content":{"rendered":"<p>O Movimento Sindical Banc\u00e1rio, atrav\u00e9s da Confedera\u00e7\u00e3o Nacional dos Trabalhadores do Ramo Financeiro (Contraf-CUT) enviou \u00e0 Federa\u00e7\u00e3o Nacional dos Bancos (Fenaban) um pedido cobrando posicionamento sobre expediente especial em dias de jogos da Sele\u00e7\u00e3o Brasileira Feminina de Futebol, durante a Copa do Mundo, que ser\u00e1 disputada na Austr\u00e1lia e na Nova Zel\u00e2ndia, a partir do dia 20 de julho \u2013 o primeiro jogo do Brasil est\u00e1 marcado para segunda-feira, dia 24.<\/p>\n<p>\u201cDesde que o governo federal anunciou, semana passada, que decidiu decretar ponto facultativo, diversas empresas anunciaram que ir\u00e3o liberar os funcion\u00e1rios para assistir aos jogos da copa feminina. Mas, at\u00e9 o momento, os bancos n\u00e3o se manifestaram. Por isso encaminhamos um pedido \u00e0 Fenaban e vamos come\u00e7ar a cobrar banco a banco por um posicionamento\u201d, explicou a presidenta da Contraf-CUT e vice-presidenta da CUT, Juvandia Moreira.<\/p>\n<p>O governo deve publicar nesta ter\u00e7a-feira (18), no Di\u00e1rio Oficial da Uni\u00e3o, o decreto que concede ponto facultativo em jogos da sele\u00e7\u00e3o feminina. Esta \u00e9 a primeira vez na hist\u00f3ria que a medida \u00e9 adotada no campeonato disputado pelas mulheres, a <a href=\"https:\/\/www.terra.com.br\/esportes\/ana-moser-sugere-ponto-facultativo-na-copa-do-mundo-feminina,53d77a69b9c5621c5d43fccb5af5e191eb12grce.html\" target=\"_blank\" rel=\"noopener noreferrer\">pedido da ministra do Esporte Ana Moser<\/a>. Tradicionalmente, o ponto facultativo \u00e9 adotado apenas para Copa do Mundo de equipes masculinas.<\/p>\n<p>Ainda na semana passada, logo ap\u00f3s o an\u00fancio da medida nos meios de comunica\u00e7\u00e3o, <a href=\"https:\/\/valor.globo.com\/carreira\/noticia\/2023\/07\/14\/copa-do-mundo-feminina-empresas-liberam-funcionarios-durante-jogos-da-selecao-feminina-de-futebol.ghtml\" target=\"_blank\" rel=\"noopener noreferrer\">empresas come\u00e7aram a divulgar<\/a>que ir\u00e3o liberar funcion\u00e1rios para acompanhar a disputa, nos dias em que o pa\u00eds entrar em campo.<\/p>\n<h3>Reflexo social<\/h3>\n<p>A secret\u00e1ria da Mulher da Contraf-CUT, Fernanda Lopes, avalia que a medida \u00e9 fundamental n\u00e3o apenas como incentivo ao esporte, mas tamb\u00e9m para o empoderamento feminino. \u201cA sele\u00e7\u00e3o feminina de futebol j\u00e1 trouxe muitos t\u00edtulos ao pa\u00eds. Apesar de n\u00e3o ter conquistado uma Copa do Mundo, ainda, as mulheres estiveram em todas as copas da Fifa, desde a primeira edi\u00e7\u00e3o, em 1991, e s\u00e3o as maiores campe\u00e3s da Copa Am\u00e9rica, com oito t\u00edtulos\u201d, completou Fernanda Lopes.<\/p>\n<p>\u201cEsse empoderamento, das mulheres nos jogos, tamb\u00e9m \u00e9 necess\u00e1rio para rediscutir a nossa posi\u00e7\u00e3o como influenciadoras no esporte e corrigir a grande disparidade financeira, porque os homens s\u00e3o, disparadamente, os mais bem remunerados na maioria dos esportes. Esse cen\u00e1rio, \u00e9 um reflexo da sociedade como um todo, que ainda remunera menos as mulheres do que os homens, ainda que estejam nos mesmos cargos e tenham o mesmo grau de escolaridade\u201d, completou.<\/p>\n<p><strong>Confira os hor\u00e1rios da Sele\u00e7\u00e3o Brasileira na fase de grupos da Copa do Mundo Feminina 2023:<\/strong><\/p>\n<p>BRASIL x PANAM\u00c1 \u2013 1\u00aa rodada do grupo F<br \/>Data: 24 de julho de 2023 (segunda-feira)<br \/>Hor\u00e1rio: 8h (de Bras\u00edlia)<br \/>Local: Hindmarsh Stadium, em Adelaide (AUS)<br \/>Onde assistir: Globo, SporTV, Globoplay e Caz\u00e9TV<\/p>\n<p>BRASIL X FRAN\u00c7A \u2013 2\u00aa rodada do Grupo F<br \/>Data: 29 de julho de 2023 (s\u00e1bado)<br \/>Hor\u00e1rio: 7h (de Bras\u00edlia)<br \/>Local: Brisbane Stadium, em Brisbane (AUS)<br \/>Onde assistir: Globo, SporTV, Globoplay e Caz\u00e9TV<\/p>\n<p>BRASIL X JAMAICA \u2013 3\u00aa rodada do Grupo F<br \/>Data: 2 de agosto de 2023 (quarta-feira)<br \/>Hor\u00e1rio: 7h (de Bras\u00edlia)<br \/>Local: Melbourne Rectangular, em Melbourne (AUS)<br \/>Onde assistir: Globo, SporTV, Globoplay e Caz\u00e9TV<\/p>\n<p><b>Fonte: Contraf-CUT<\/b><\/p>\n","protected":false},"excerpt":{"rendered":"<p>O Movimento Sindical Banc\u00e1rio, atrav\u00e9s da Confedera\u00e7\u00e3o Nacional dos Trabalhadores do Ramo Financeiro (Contraf-CUT) enviou \u00e0 Federa\u00e7\u00e3o Nacional dos Bancos (Fenaban) um pedido cobrando posicionamento sobre expediente especial em dias de jogos da Sele\u00e7\u00e3o Brasileira Feminina de Futebol, durante a Copa do Mundo, que ser\u00e1 disputada na Austr\u00e1lia e na Nova Zel\u00e2ndia, a partir do [&hellip;]<\/p>\n","protected":false},"author":2,"featured_media":14295,"comment_status":"","ping_status":"","sticky":false,"template":"","format":"standard","meta":{"footnotes":""},"categories":[3],"tags":[],"class_list":["post-14296","post","type-post","status-publish","format-standard","has-post-thumbnail","hentry","category-noticias"],"_links":{"self":[{"href":"https:\/\/hostnetart.com.br\/baixada\/wp-json\/wp\/v2\/posts\/14296","targetHints":{"allow":["GET"]}}],"collection":[{"href":"https:\/\/hostnetart.com.br\/baixada\/wp-json\/wp\/v2\/posts"}],"about":[{"href":"https:\/\/hostnetart.com.br\/baixada\/wp-json\/wp\/v2\/types\/post"}],"author":[{"embeddable":true,"href":"https:\/\/hostnetart.com.br\/baixada\/wp-json\/wp\/v2\/users\/2"}],"replies":[{"embeddable":true,"href":"https:\/\/hostnetart.com.br\/baixada\/wp-json\/wp\/v2\/comments?post=14296"}],"version-history":[{"count":0,"href":"https:\/\/hostnetart.com.br\/baixada\/wp-json\/wp\/v2\/posts\/14296\/revisions"}],"wp:featuredmedia":[{"embeddable":true,"href":"https:\/\/hostnetart.com.br\/baixada\/wp-json\/wp\/v2\/media\/14295"}],"wp:attachment":[{"href":"https:\/\/hostnetart.com.br\/baixada\/wp-json\/wp\/v2\/media?parent=14296"}],"wp:term":[{"taxonomy":"category","embeddable":true,"href":"https:\/\/hostnetart.com.br\/baixada\/wp-json\/wp\/v2\/categories?post=14296"},{"taxonomy":"post_tag","embeddable":true,"href":"https:\/\/hostnetart.com.br\/baixada\/wp-json\/wp\/v2\/tags?post=14296"}],"curies":[{"name":"wp","href":"https:\/\/api.w.org\/{rel}","templated":true}]}}