{"id":14288,"date":"2023-07-13T16:59:16","date_gmt":"2023-07-13T19:59:16","guid":{"rendered":"https:\/\/hostnetart.com.br\/baixada\/cut-lanca-site-sobre-seu-14-congresso\/"},"modified":"2023-07-13T16:59:16","modified_gmt":"2023-07-13T19:59:16","slug":"cut-lanca-site-sobre-seu-14-congresso","status":"publish","type":"post","link":"https:\/\/hostnetart.com.br\/baixada\/cut-lanca-site-sobre-seu-14-congresso\/","title":{"rendered":"CUT lan\u00e7a site sobre seu 14\u00ba Congresso"},"content":{"rendered":"<p>J\u00e1 est\u00e1 no ar a p\u00e1gina sobre o 14\u00ba Congresso Nacional da CUT (Concut), que acontece em S\u00e3o Paulo de 19 a 22 de outubro. Com o tema \u201cLuta, direitos e democracia que transformam vidas\u201d, o encontro marca os 40 anos da maior central sindical do Brasil.<\/p>\n<p>O site reunir\u00e1 dados dos congressos das CUTs estaduais, a hist\u00f3ria das 13 edi\u00e7\u00f5es anteriores e uma galeria com fotos e v\u00eddeos hist\u00f3ricos do evento, al\u00e9m de outras informa\u00e7\u00f5es.<\/p>\n<p>No congresso, a CUT atualizar\u00e1 estrat\u00e9gias de atua\u00e7\u00e3o em meio ao primeiro ano do governo Lula, marcado pela retomada das pol\u00edticas para a ind\u00fastria, a regula\u00e7\u00e3o do mercado para trabalhadores e trabalhadoras por aplicativo e a revis\u00e3o da pol\u00edtica ambiental.<\/p>\n<p>No congresso tamb\u00e9m ser\u00e1 eleita a nova dire\u00e7\u00e3o nacional da Central, para o per\u00edodo de 2023 a 2028.<\/p>\n<p>Acesse o\u00a0<a href=\"https:\/\/14concut.cut.org.br\/\" target=\"_blank\" rel=\"noopener noreferrer\">site do 14\u00ba Concut<\/a>.<\/p>\n<p>Leia a\u00a0<a href=\"https:\/\/www.cut.org.br\/noticias\/cut-lanca-site-com-informacoes-sobre-o-14-congresso-ed7f\" target=\"_blank\" rel=\"noopener noreferrer\">mat\u00e9ria completa<\/a>\u00a0no portal da CUT.<\/p>\n","protected":false},"excerpt":{"rendered":"<p>J\u00e1 est\u00e1 no ar a p\u00e1gina sobre o 14\u00ba Congresso Nacional da CUT (Concut), que acontece em S\u00e3o Paulo de 19 a 22 de outubro. Com o tema \u201cLuta, direitos e democracia que transformam vidas\u201d, o encontro marca os 40 anos da maior central sindical do Brasil. O site reunir\u00e1 dados dos congressos das CUTs [&hellip;]<\/p>\n","protected":false},"author":2,"featured_media":14287,"comment_status":"","ping_status":"","sticky":false,"template":"","format":"standard","meta":{"footnotes":""},"categories":[3],"tags":[],"class_list":["post-14288","post","type-post","status-publish","format-standard","has-post-thumbnail","hentry","category-noticias"],"_links":{"self":[{"href":"https:\/\/hostnetart.com.br\/baixada\/wp-json\/wp\/v2\/posts\/14288","targetHints":{"allow":["GET"]}}],"collection":[{"href":"https:\/\/hostnetart.com.br\/baixada\/wp-json\/wp\/v2\/posts"}],"about":[{"href":"https:\/\/hostnetart.com.br\/baixada\/wp-json\/wp\/v2\/types\/post"}],"author":[{"embeddable":true,"href":"https:\/\/hostnetart.com.br\/baixada\/wp-json\/wp\/v2\/users\/2"}],"replies":[{"embeddable":true,"href":"https:\/\/hostnetart.com.br\/baixada\/wp-json\/wp\/v2\/comments?post=14288"}],"version-history":[{"count":0,"href":"https:\/\/hostnetart.com.br\/baixada\/wp-json\/wp\/v2\/posts\/14288\/revisions"}],"wp:featuredmedia":[{"embeddable":true,"href":"https:\/\/hostnetart.com.br\/baixada\/wp-json\/wp\/v2\/media\/14287"}],"wp:attachment":[{"href":"https:\/\/hostnetart.com.br\/baixada\/wp-json\/wp\/v2\/media?parent=14288"}],"wp:term":[{"taxonomy":"category","embeddable":true,"href":"https:\/\/hostnetart.com.br\/baixada\/wp-json\/wp\/v2\/categories?post=14288"},{"taxonomy":"post_tag","embeddable":true,"href":"https:\/\/hostnetart.com.br\/baixada\/wp-json\/wp\/v2\/tags?post=14288"}],"curies":[{"name":"wp","href":"https:\/\/api.w.org\/{rel}","templated":true}]}}