{"id":14284,"date":"2023-07-12T12:41:50","date_gmt":"2023-07-12T15:41:50","guid":{"rendered":"https:\/\/hostnetart.com.br\/baixada\/bb-apresenta-nova-plataforma-conexao-e-avaliacao-da-gdp\/"},"modified":"2023-07-12T12:41:50","modified_gmt":"2023-07-12T15:41:50","slug":"bb-apresenta-nova-plataforma-conexao-e-avaliacao-da-gdp","status":"publish","type":"post","link":"https:\/\/hostnetart.com.br\/baixada\/bb-apresenta-nova-plataforma-conexao-e-avaliacao-da-gdp\/","title":{"rendered":"BB apresenta nova plataforma Conex\u00e3o e avalia\u00e7\u00e3o da GDP"},"content":{"rendered":"<p>A Comiss\u00e3o de Empresa dos Funcion\u00e1rios do Banco do Brasil (CEBB) se reuniu com representantes da dire\u00e7\u00e3o do BB na \u00faltima semana para ouvir da empresa propostas para a plataforma Conex\u00e3o (sistema de m\u00e9tricas de metas), com impactos na avalia\u00e7\u00e3o da Gest\u00e3o de Desempenho Profissional (GDP).<\/p>\n<p>O banco anunciou que o sistema de metas do Conex\u00e3o ser\u00e1 estendido para escritur\u00e1rios e assistentes, \u201ca pedido dos funcion\u00e1rios que ocupam esses cargos\u201d. Tamb\u00e9m houve revis\u00e3o do modelo que, segundo a empresa, passa a ter foco no cliente. Al\u00e9m disso, o banco n\u00e3o permite mais que um gestor possa dar a pontua\u00e7\u00e3o m\u00e1xima para todos os funcion\u00e1rios, numa mesma avalia\u00e7\u00e3o. \u201cEle [avaliador] pode dar nota m\u00e1xima, dar o mesmo placar de compet\u00eancia, o que limitamos \u00e9 dar cinco para todo mundo, porque nem tudo mundo desempenha as mesmas compet\u00eancias no mesmo n\u00edvel\u201d, disse a representante do banco.<\/p>\n<h3><strong>Avalia\u00e7\u00e3o dos trabalhadores<\/strong><\/h3>\n<p>\u201cApesar de o banco ter dito que incluiu escritur\u00e1rios e assistentes, a pedido deles mesmos, o que temos recebido dos funcion\u00e1rios \u00e9 o contr\u00e1rio: muita reclama\u00e7\u00e3o por terem sido inclu\u00eddos\u201d, destacou a coordenadora da CEBB, Fernanda Lopes. \u201cTamb\u00e9m n\u00e3o ficou muito claro na reuni\u00e3o como funcionar\u00e3o os par\u00e2metros novos de metas\u201d, completou.<\/p>\n<p>\u201cNo nosso entendimento, da forma como foi apresentada, a plataforma Conex\u00e3o acaba sendo mais um fortalecimento da gest\u00e3o por ass\u00e9dio, numa realidade que a gente vive, com a GDP sendo utilizada para amea\u00e7ar as pessoas que t\u00eam comiss\u00e3o. Nosso problema hoje \u00e9 que a GDP \u00e9 usada simplesmente para punir o funcion\u00e1rio que n\u00e3o alcan\u00e7ou o resultado, e n\u00e3o deveria ser assim\u201d, explicou a representante da Federa\u00e7\u00e3o dos Trabalhadores e Trabalhadoras em Institui\u00e7\u00f5es Financeiras do Rio Grande do Sul (Fetrafi-RS) na CEBB, Priscila Aguirres.<\/p>\n<p>Os trabalhadores tamb\u00e9m avaliaram com preocupa\u00e7\u00e3o a impossibilidade de dar pontua\u00e7\u00e3o 5 para todos da equipe, porque induz \u00e0 gest\u00e3o por ass\u00e9dio. Ou seja, o banco imp\u00f5e um limitador para conceder pontua\u00e7\u00e3o m\u00e1xima para todos os funcion\u00e1rios de uma mesma equipe, mas n\u00e3o um limitador para pontua\u00e7\u00e3o m\u00ednima de todos da equipe.<\/p>\n<p>O banco recebeu as cr\u00edticas e ficou de reavaliar o modelo que limita a possibilidade de conceder pontua\u00e7\u00e3o m\u00e1xima.<\/p>\n<p>\u201cVoltamos a cobrar que a GDP seja um instrumento de aprimoramento e entendemos que essas mudan\u00e7as apresentadas na reuni\u00e3o, pelo banco, continuam facilitando a utiliza\u00e7\u00e3o da ferramenta para o ass\u00e9dio\u201d, destacou Fernanda Lopes. \u201cTamb\u00e9m voltamos a cobrar do banco a constru\u00e7\u00e3o conjunta, com os funcion\u00e1rios, de um sistema de avalia\u00e7\u00e3o sem metas que adoecem, e passando pela forma\u00e7\u00e3o de gestores, porque hoje muitas ferramentas que est\u00e3o sendo usadas estimulam a gest\u00e3o que adoece\u201d, completou.<\/p>\n<h3><strong>Descomissionamento<\/strong><\/h3>\n<p><a href=\"https:\/\/contrafcut.com.br\/noticias\/bb-trabalhadores-pedem-avancos-nos-instrumentos-de-avaliacao-e-no-combate-ao-assedio\/\" target=\"_blank\" rel=\"noopener noreferrer\">Em reuni\u00e3o anterior, que ocorreu em 30 de maio<\/a>, entre os pedidos dos funcion\u00e1rios estava a suspens\u00e3o do descomissionamento at\u00e9 que o banco implementasse corre\u00e7\u00f5es em distor\u00e7\u00f5es que tornam a GDP um instrumento de ass\u00e9dio. Entretanto, o movimento sindical registrou que novos descomissionamentos ocorreram ao logo deste ano.<\/p>\n<p>Na \u00faltima mesa de negocia\u00e7\u00e3o, o banco afirmou que os descomissionamentos est\u00e3o suspensos e permanecer\u00e3o assim at\u00e9 a primeira quinzena de agosto.<\/p>\n<h3><strong>Entenda<\/strong><\/h3>\n<ul>\n<li>O banco apresentou altera\u00e7\u00f5es na plataforma Conex\u00e3o, com impactos na avalia\u00e7\u00e3o da GDP.<\/li>\n<li>Com a mudan\u00e7a, a plataforma Conex\u00e3o passa a reunir todos os relat\u00f3rios de metas em um s\u00f3 local e individualiza ainda mais as responsabilidades pelo alcance das metas do setor.<\/li>\n<li>Na nova proposta, o avaliador n\u00e3o poder\u00e1 dar nota m\u00e1xima para todos da equipe, por\u00e9m n\u00e3o existe o mesmo limitador em caso de notas m\u00ednimas.<\/li>\n<li>O banco tamb\u00e9m anunciou que o processo de descomissionamento segue suspenso at\u00e9 a primeira quinzena de agosto, por\u00e9m o movimento sindical denuncia que descomissionamentos j\u00e1 ocorreram nos \u00faltimos meses.<\/li>\n<li>Os representantes dos trabalhadores na mesa de negocia\u00e7\u00e3o criticaram a nova plataforma Conex\u00e3o, por entender que ela induz ainda mais \u00e0 gest\u00e3o por ass\u00e9dio.<\/li>\n<li>Os funcion\u00e1rios tamb\u00e9m mantiveram o pedido de suspens\u00e3o do descomissionamento, at\u00e9 que o banco implemente corre\u00e7\u00f5es em distor\u00e7\u00f5es que tornam a GDP um instrumento de ass\u00e9dio.<\/li>\n<\/ul>\n<p><strong>Agenda das mesas permanentes tem\u00e1ticas:<\/strong><\/p>\n<p>12\/07 \u2013 Centrais de Relacionamento do Banco do Brasil (CRBB);<\/p>\n<p>20\/07 \u2013 Promo\u00e7\u00e3o da Diversidade\/Igualdade de Oportunidade;<\/p>\n<p>11\/09 \u2013 Plano de Cargos e Sal\u00e1rios e Programa Performa;<\/p>\n<p>28\/09 \u2013 Caixa de Assist\u00eancia dos funcion\u00e1rios do Banco do Brasil (Cassi).<\/p>\n<p><strong>Fonte: Contraf-CUT<\/strong><\/p>\n","protected":false},"excerpt":{"rendered":"<p>A Comiss\u00e3o de Empresa dos Funcion\u00e1rios do Banco do Brasil (CEBB) se reuniu com representantes da dire\u00e7\u00e3o do BB na \u00faltima semana para ouvir da empresa propostas para a plataforma Conex\u00e3o (sistema de m\u00e9tricas de metas), com impactos na avalia\u00e7\u00e3o da Gest\u00e3o de Desempenho Profissional (GDP). O banco anunciou que o sistema de metas do [&hellip;]<\/p>\n","protected":false},"author":2,"featured_media":14283,"comment_status":"","ping_status":"","sticky":false,"template":"","format":"standard","meta":{"footnotes":""},"categories":[3],"tags":[],"class_list":["post-14284","post","type-post","status-publish","format-standard","has-post-thumbnail","hentry","category-noticias"],"_links":{"self":[{"href":"https:\/\/hostnetart.com.br\/baixada\/wp-json\/wp\/v2\/posts\/14284","targetHints":{"allow":["GET"]}}],"collection":[{"href":"https:\/\/hostnetart.com.br\/baixada\/wp-json\/wp\/v2\/posts"}],"about":[{"href":"https:\/\/hostnetart.com.br\/baixada\/wp-json\/wp\/v2\/types\/post"}],"author":[{"embeddable":true,"href":"https:\/\/hostnetart.com.br\/baixada\/wp-json\/wp\/v2\/users\/2"}],"replies":[{"embeddable":true,"href":"https:\/\/hostnetart.com.br\/baixada\/wp-json\/wp\/v2\/comments?post=14284"}],"version-history":[{"count":0,"href":"https:\/\/hostnetart.com.br\/baixada\/wp-json\/wp\/v2\/posts\/14284\/revisions"}],"wp:featuredmedia":[{"embeddable":true,"href":"https:\/\/hostnetart.com.br\/baixada\/wp-json\/wp\/v2\/media\/14283"}],"wp:attachment":[{"href":"https:\/\/hostnetart.com.br\/baixada\/wp-json\/wp\/v2\/media?parent=14284"}],"wp:term":[{"taxonomy":"category","embeddable":true,"href":"https:\/\/hostnetart.com.br\/baixada\/wp-json\/wp\/v2\/categories?post=14284"},{"taxonomy":"post_tag","embeddable":true,"href":"https:\/\/hostnetart.com.br\/baixada\/wp-json\/wp\/v2\/tags?post=14284"}],"curies":[{"name":"wp","href":"https:\/\/api.w.org\/{rel}","templated":true}]}}