{"id":14282,"date":"2023-07-11T13:42:40","date_gmt":"2023-07-11T16:42:40","guid":{"rendered":"https:\/\/hostnetart.com.br\/baixada\/sindicato-dos-bancarios-da-baixada-fluminense-visita-agencia-do-itau-onde-cliente-foi-baleado\/"},"modified":"2023-07-11T13:42:40","modified_gmt":"2023-07-11T16:42:40","slug":"sindicato-dos-bancarios-da-baixada-fluminense-visita-agencia-do-itau-onde-cliente-foi-baleado","status":"publish","type":"post","link":"https:\/\/hostnetart.com.br\/baixada\/sindicato-dos-bancarios-da-baixada-fluminense-visita-agencia-do-itau-onde-cliente-foi-baleado\/","title":{"rendered":"Sindicato dos Banc\u00e1rios da Baixada Fluminense visita ag\u00eancia do Ita\u00fa onde cliente foi baleado"},"content":{"rendered":"<div class=\"texto\">Na manh\u00e3 desta ter\u00e7a-feira, 11 de julho, o Sindicato dos Banc\u00e1rios da Baixada Fluminense visitou a ag\u00eancia do Banco Ita\u00fa, localizada na\u00a0Avenida Dedo de Deus, em Guapimirim, onde um homem foi baleado na tarde desta \u00faltima segunda-feira (10), no momento em que\u00a0fazia um dep\u00f3sito no auto-atendimento. Ele reagiu a abordagem dos\u00a0criminosos.<\/div>\n<div class=\"texto\">\u00a0<\/div>\n<div class=\"texto\">Segundo relatos, a v\u00edtima seria um comerciante da cidade, de 54 anos.<\/div>\n<div class=\"texto\">\u00a0<\/div>\n<div class=\"texto\">De acordo com a Pol\u00edcia Militar, a v\u00edtima foi socorrida pelo Samu e encaminhado ao Hospital Municipal de Guapimirim, onde passa por cirurgia. Equipes do 34\u00ba BPM (Mag\u00e9) realizam buscas pelos suspeitos.<\/div>\n<div id=\"text-intext-ads\">\u00a0<\/div>\n<div class=\"texto\">Em nota, o Ita\u00fa Unibanco disse que lamenta o ocorrido na ag\u00eancia e est\u00e1 em contato com os familiares da v\u00edtima, \u00e0 disposi\u00e7\u00e3o para prestar o apoio necess\u00e1rio. &#8220;O banco informa que est\u00e1 colaborando com as autoridades policiais para a investiga\u00e7\u00e3o do caso&#8221;, explicou em comunicado.<\/div>\n<div class=\"texto\">\u00a0<\/div>\n<div class=\"texto\">Os diretores Roberto Domingos, Cl\u00e1udio Leite e Ricardo S\u00e1, conversaram com os funcion\u00e1rios e colocaram o Sindicato \u00e0 disposi\u00e7\u00e3o para ajudar em qualquer situa\u00e7\u00e3o que se fizer necess\u00e1ria.<\/div>\n<div class=\"texto\">\u00a0<\/div>\n<div class=\"texto\">Os funcion\u00e1rios disseram que o banco tamb\u00e9m disponibilizou um psic\u00f3logo para atender quem precisasse.<\/div>\n<div class=\"texto\">\u00a0<\/div>\n<div class=\"texto\"><em>*com informa\u00e7\u00f5es do Jornal O Dia<\/em><\/div>\n<div class=\"texto\"><em>** foto &#8211; rede social<\/em><\/div>\n<div class=\"texto\">\u00a0<\/div>\n<div class=\"texto\"><img fetchpriority=\"high\" decoding=\"async\" class=\" size-full wp-image-14281\" src=\"https:\/\/hostnetart.com.br\/baixada\/wp-content\/uploads\/2023\/07\/guapi_2.jpg\" width=\"1600\" height=\"719\" srcset=\"https:\/\/hostnetart.com.br\/baixada\/wp-content\/uploads\/2023\/07\/guapi_2.jpg 1600w, https:\/\/hostnetart.com.br\/baixada\/wp-content\/uploads\/2023\/07\/guapi_2-600x270.jpg 600w, https:\/\/hostnetart.com.br\/baixada\/wp-content\/uploads\/2023\/07\/guapi_2-1024x460.jpg 1024w, https:\/\/hostnetart.com.br\/baixada\/wp-content\/uploads\/2023\/07\/guapi_2-768x345.jpg 768w, https:\/\/hostnetart.com.br\/baixada\/wp-content\/uploads\/2023\/07\/guapi_2-1536x690.jpg 1536w\" sizes=\"(max-width: 1600px) 100vw, 1600px\" \/><\/div>\n","protected":false},"excerpt":{"rendered":"<p>Na manh\u00e3 desta ter\u00e7a-feira, 11 de julho, o Sindicato dos Banc\u00e1rios da Baixada Fluminense visitou a ag\u00eancia do Banco Ita\u00fa, localizada na\u00a0Avenida Dedo de Deus, em Guapimirim, onde um homem foi baleado na tarde desta \u00faltima segunda-feira (10), no momento em que\u00a0fazia um dep\u00f3sito no auto-atendimento. Ele reagiu a abordagem dos\u00a0criminosos. \u00a0 Segundo relatos, a [&hellip;]<\/p>\n","protected":false},"author":2,"featured_media":14280,"comment_status":"","ping_status":"","sticky":false,"template":"","format":"standard","meta":{"footnotes":""},"categories":[3],"tags":[],"class_list":["post-14282","post","type-post","status-publish","format-standard","has-post-thumbnail","hentry","category-noticias"],"_links":{"self":[{"href":"https:\/\/hostnetart.com.br\/baixada\/wp-json\/wp\/v2\/posts\/14282","targetHints":{"allow":["GET"]}}],"collection":[{"href":"https:\/\/hostnetart.com.br\/baixada\/wp-json\/wp\/v2\/posts"}],"about":[{"href":"https:\/\/hostnetart.com.br\/baixada\/wp-json\/wp\/v2\/types\/post"}],"author":[{"embeddable":true,"href":"https:\/\/hostnetart.com.br\/baixada\/wp-json\/wp\/v2\/users\/2"}],"replies":[{"embeddable":true,"href":"https:\/\/hostnetart.com.br\/baixada\/wp-json\/wp\/v2\/comments?post=14282"}],"version-history":[{"count":0,"href":"https:\/\/hostnetart.com.br\/baixada\/wp-json\/wp\/v2\/posts\/14282\/revisions"}],"wp:featuredmedia":[{"embeddable":true,"href":"https:\/\/hostnetart.com.br\/baixada\/wp-json\/wp\/v2\/media\/14280"}],"wp:attachment":[{"href":"https:\/\/hostnetart.com.br\/baixada\/wp-json\/wp\/v2\/media?parent=14282"}],"wp:term":[{"taxonomy":"category","embeddable":true,"href":"https:\/\/hostnetart.com.br\/baixada\/wp-json\/wp\/v2\/categories?post=14282"},{"taxonomy":"post_tag","embeddable":true,"href":"https:\/\/hostnetart.com.br\/baixada\/wp-json\/wp\/v2\/tags?post=14282"}],"curies":[{"name":"wp","href":"https:\/\/api.w.org\/{rel}","templated":true}]}}