{"id":1428,"date":"2013-08-23T00:00:00","date_gmt":"2013-08-23T03:00:00","guid":{"rendered":"https:\/\/hostnetart.com.br\/baixada\/assembleia-geral-extraordinaria-nesta-terca-feira-dia-27-banco-do-brasil-ccv\/"},"modified":"2013-08-23T00:00:00","modified_gmt":"2013-08-23T03:00:00","slug":"assembleia-geral-extraordinaria-nesta-terca-feira-dia-27-banco-do-brasil-ccv","status":"publish","type":"post","link":"https:\/\/hostnetart.com.br\/baixada\/assembleia-geral-extraordinaria-nesta-terca-feira-dia-27-banco-do-brasil-ccv\/","title":{"rendered":"Assembl\u00e9ia Geral Extraordin\u00e1ria nesta ter\u00e7a-feira, dia 27 Banco do Brasil \u2013 CCV"},"content":{"rendered":"<p>O Sindicato dos trabalhadores no ramo financeiro da baixada fluminense, com sede \u00e0 Rua Professor Henrique Ferreira Gomes, 179, Centro, Duque de Caxias, RJ, CNPJ 28.750.016\/0001-30, por seus Coordenadores, no uso de seus poderes e no desempenho das atribui\u00e7\u00f5es que lhe s\u00e3o conferidas pelo Estatuto Social da Entidade, convoca os banc\u00e1rios, seus associados ou n\u00e3o, pertencentes \u00e0 sua base territorial formada pelos munic\u00edpios Duque de Caxias, Nova Igua\u00e7u, Mesquita, Belford Roxo, Queimados, Japeri, S\u00e3o Jo\u00e3o de Meriti, Nil\u00f3polis, Mag\u00e9 e Guapimirim, para Assembleia Geral Extraordin\u00e1ria que se realizar\u00e1 no dia 27\/08\/2013, \u00e0s 18:00 horas, em 1\u00aa Convoca\u00e7\u00e3o e, \u00e0s 18:30 horas, em 2\u00aa Convoca\u00e7\u00e3o, na Sede do Sindicato localizada na Rua Professor Henrique Ferreira Gomes, 179, Centro, Duque de Caxias, RJ, para discuss\u00e3o e delibera\u00e7\u00e3o da seguinte ordem do dia, cuja decis\u00e3o abranger\u00e1 todos os interessados:<\/p>\n<p>\u00a0<\/p>\n<p>a) Ades\u00e3o ao Acordo Coletivo de Trabalho firmado entre a Confedera\u00e7\u00e3o Nacional dos<\/p>\n<p>Trabalhadores do Ramo Financeiro \u2013 CONTRAF e o Banco do Brasil S.A., que instituiu a Comiss\u00e3o de Concilia\u00e7\u00e3o Volunt\u00e1ria \u2013 CCV, para tratar das 14 (catorze) fun\u00e7\u00f5es comissionadas que foram atingidas pela modifica\u00e7\u00e3o ocorrida em 28\/01\/2013, abrangendo os funcion\u00e1rios que fizeram sua ades\u00e3o.<\/p>\n<p>\u00a0<\/p>\n<p>Duque de Caxias (RJ), 12\/08\/2013<\/p>\n<p>\u00a0<\/p>\n<p>Alcyon V. P. C. J\u00fanior<\/p>\n<p>Jos\u00e9 La\u00e9rcio P.de Oliveira<\/p>\n<p>Pedro Batista F. Henriques<\/p>\n","protected":false},"excerpt":{"rendered":"<p>O Sindicato dos trabalhadores no ramo financeiro da baixada fluminense, com sede \u00e0 Rua Professor Henrique Ferreira Gomes, 179, Centro, Duque de Caxias, RJ, CNPJ 28.750.016\/0001-30, por seus Coordenadores, no uso de seus poderes e no desempenho das atribui\u00e7\u00f5es que lhe s\u00e3o conferidas pelo Estatuto Social da Entidade, convoca os banc\u00e1rios, seus associados ou n\u00e3o, [&hellip;]<\/p>\n","protected":false},"author":1,"featured_media":0,"comment_status":"","ping_status":"","sticky":false,"template":"","format":"standard","meta":{"footnotes":""},"categories":[3],"tags":[],"class_list":["post-1428","post","type-post","status-publish","format-standard","hentry","category-noticias"],"_links":{"self":[{"href":"https:\/\/hostnetart.com.br\/baixada\/wp-json\/wp\/v2\/posts\/1428","targetHints":{"allow":["GET"]}}],"collection":[{"href":"https:\/\/hostnetart.com.br\/baixada\/wp-json\/wp\/v2\/posts"}],"about":[{"href":"https:\/\/hostnetart.com.br\/baixada\/wp-json\/wp\/v2\/types\/post"}],"author":[{"embeddable":true,"href":"https:\/\/hostnetart.com.br\/baixada\/wp-json\/wp\/v2\/users\/1"}],"replies":[{"embeddable":true,"href":"https:\/\/hostnetart.com.br\/baixada\/wp-json\/wp\/v2\/comments?post=1428"}],"version-history":[{"count":0,"href":"https:\/\/hostnetart.com.br\/baixada\/wp-json\/wp\/v2\/posts\/1428\/revisions"}],"wp:attachment":[{"href":"https:\/\/hostnetart.com.br\/baixada\/wp-json\/wp\/v2\/media?parent=1428"}],"wp:term":[{"taxonomy":"category","embeddable":true,"href":"https:\/\/hostnetart.com.br\/baixada\/wp-json\/wp\/v2\/categories?post=1428"},{"taxonomy":"post_tag","embeddable":true,"href":"https:\/\/hostnetart.com.br\/baixada\/wp-json\/wp\/v2\/tags?post=1428"}],"curies":[{"name":"wp","href":"https:\/\/api.w.org\/{rel}","templated":true}]}}