{"id":14279,"date":"2023-07-11T13:41:17","date_gmt":"2023-07-11T16:41:17","guid":{"rendered":"https:\/\/hostnetart.com.br\/baixada\/caixa-nao-pode-ser-usada-como-moeda-de-troca\/"},"modified":"2023-07-11T13:41:17","modified_gmt":"2023-07-11T16:41:17","slug":"caixa-nao-pode-ser-usada-como-moeda-de-troca","status":"publish","type":"post","link":"https:\/\/hostnetart.com.br\/baixada\/caixa-nao-pode-ser-usada-como-moeda-de-troca\/","title":{"rendered":"Caixa n\u00e3o pode ser usada como moeda de troca"},"content":{"rendered":"<p><strong>Manifesto<\/strong><\/p>\n<p>A Confedera\u00e7\u00e3o Nacional dos Trabalhadores do Ramo Financeiro (Contraf-CUT) reafirma sua posi\u00e7\u00e3o hist\u00f3rica em defesa da Caixa Econ\u00f4mica Federal como um banco p\u00fablico e que, como tal, deve cumprir sua miss\u00e3o como instrumento para o desenvolvimento econ\u00f4mico e redu\u00e7\u00e3o da pobreza, por meio da concess\u00e3o de cr\u00e9dito com percentual justo para fam\u00edlias e empresas dos mais variados setores, e por meio do financiamento em obras habitacionais e de infraestrutura, especialmente onde o Brasil sofre com os maiores gargalos: saneamento, energia e transporte.<\/p>\n<p>\u00c9 com preocupa\u00e7\u00e3o que a Contraf-CUT assiste \u00e0 press\u00e3o do chamado bloco centr\u00e3o, no Congresso, para assumir a presid\u00eancia da Caixa. A institui\u00e7\u00e3o n\u00e3o pode ser usada como moeda de troca, em interesses que nada t\u00eam a ver com as necessidades da popula\u00e7\u00e3o brasileira, que precisa de um banco p\u00fablico cada vez mais forte, indutor da economia e presente em todas as regi\u00f5es do pa\u00eds.<\/p>\n<p>Defendemos que a presid\u00eancia da Caixa continue a ser ocupada por um profissional de carreira, conhecedor de sua estrutura, e que n\u00e3o se repita a gest\u00e3o por ass\u00e9dio que ocorreu durante a gest\u00e3o Pedro Guimar\u00e3es. Assim como tamb\u00e9m entendemos que a entrega da gest\u00e3o do banco para um homem significaria um grande retrocesso, em um pa\u00eds onde a participa\u00e7\u00e3o feminina em cargos de lideran\u00e7a ainda est\u00e1 longe de refletir a justa igualdade de oportunidade que defendemos.\u00a0<\/p>\n<p>Contraf-CUT<\/p>\n","protected":false},"excerpt":{"rendered":"<p>Manifesto A Confedera\u00e7\u00e3o Nacional dos Trabalhadores do Ramo Financeiro (Contraf-CUT) reafirma sua posi\u00e7\u00e3o hist\u00f3rica em defesa da Caixa Econ\u00f4mica Federal como um banco p\u00fablico e que, como tal, deve cumprir sua miss\u00e3o como instrumento para o desenvolvimento econ\u00f4mico e redu\u00e7\u00e3o da pobreza, por meio da concess\u00e3o de cr\u00e9dito com percentual justo para fam\u00edlias e empresas [&hellip;]<\/p>\n","protected":false},"author":2,"featured_media":14278,"comment_status":"","ping_status":"","sticky":false,"template":"","format":"standard","meta":{"footnotes":""},"categories":[3],"tags":[],"class_list":["post-14279","post","type-post","status-publish","format-standard","has-post-thumbnail","hentry","category-noticias"],"_links":{"self":[{"href":"https:\/\/hostnetart.com.br\/baixada\/wp-json\/wp\/v2\/posts\/14279","targetHints":{"allow":["GET"]}}],"collection":[{"href":"https:\/\/hostnetart.com.br\/baixada\/wp-json\/wp\/v2\/posts"}],"about":[{"href":"https:\/\/hostnetart.com.br\/baixada\/wp-json\/wp\/v2\/types\/post"}],"author":[{"embeddable":true,"href":"https:\/\/hostnetart.com.br\/baixada\/wp-json\/wp\/v2\/users\/2"}],"replies":[{"embeddable":true,"href":"https:\/\/hostnetart.com.br\/baixada\/wp-json\/wp\/v2\/comments?post=14279"}],"version-history":[{"count":0,"href":"https:\/\/hostnetart.com.br\/baixada\/wp-json\/wp\/v2\/posts\/14279\/revisions"}],"wp:featuredmedia":[{"embeddable":true,"href":"https:\/\/hostnetart.com.br\/baixada\/wp-json\/wp\/v2\/media\/14278"}],"wp:attachment":[{"href":"https:\/\/hostnetart.com.br\/baixada\/wp-json\/wp\/v2\/media?parent=14279"}],"wp:term":[{"taxonomy":"category","embeddable":true,"href":"https:\/\/hostnetart.com.br\/baixada\/wp-json\/wp\/v2\/categories?post=14279"},{"taxonomy":"post_tag","embeddable":true,"href":"https:\/\/hostnetart.com.br\/baixada\/wp-json\/wp\/v2\/tags?post=14279"}],"curies":[{"name":"wp","href":"https:\/\/api.w.org\/{rel}","templated":true}]}}