{"id":14277,"date":"2023-07-10T20:34:54","date_gmt":"2023-07-10T23:34:54","guid":{"rendered":"https:\/\/hostnetart.com.br\/baixada\/consulta-nacional-dos-bancarios-2023-ja-esta-disponivel\/"},"modified":"2023-07-10T20:34:54","modified_gmt":"2023-07-10T23:34:54","slug":"consulta-nacional-dos-bancarios-2023-ja-esta-disponivel","status":"publish","type":"post","link":"https:\/\/hostnetart.com.br\/baixada\/consulta-nacional-dos-bancarios-2023-ja-esta-disponivel\/","title":{"rendered":"Consulta Nacional dos Banc\u00e1rios 2023 j\u00e1 esta dispon\u00edvel"},"content":{"rendered":"<p>As trabalhadoras e os trabalhadores do ramo financeiro de todo o Brasil, sindicalizados ou n\u00e3o, j\u00e1 podem responder \u00e0 Consulta Nacional 2023.<\/p>\n<p>O prazo final do question\u00e1rio \u00e9 dia 2 de agosto.<\/p>\n<p>Para responder, o acesso deve ser feito pelo\u00a0<a href=\"https:\/\/consulta-bancarios.votabem.com.br\/\">https:\/\/consulta-bancarios.votabem.com.br\/<\/a>.\u00a0<\/p>\n<p>O link tamb\u00e9m estar\u00e1 dispon\u00edvel no site do Sindicato dos Banc\u00e1rios da Baixada Fluminense.<\/p>\n<p>A Consulta Nacional permite que todos deem sua opini\u00e3o sobre temas importantes e apontem suas prioridades.<\/p>\n<p>Os dados ser\u00e3o compilados e apresentados na 25\u00aa Confer\u00eancia Nacional dos Banc\u00e1rios, que ocorrer\u00e1 entre os dias 4 e 6 de agosto de 2023.<\/p>\n<p><strong>Fonte: Contraf-CUT<\/strong><\/p>\n","protected":false},"excerpt":{"rendered":"<p>As trabalhadoras e os trabalhadores do ramo financeiro de todo o Brasil, sindicalizados ou n\u00e3o, j\u00e1 podem responder \u00e0 Consulta Nacional 2023. O prazo final do question\u00e1rio \u00e9 dia 2 de agosto. Para responder, o acesso deve ser feito pelo\u00a0https:\/\/consulta-bancarios.votabem.com.br\/.\u00a0 O link tamb\u00e9m estar\u00e1 dispon\u00edvel no site do Sindicato dos Banc\u00e1rios da Baixada Fluminense. A [&hellip;]<\/p>\n","protected":false},"author":2,"featured_media":14276,"comment_status":"","ping_status":"","sticky":false,"template":"","format":"standard","meta":{"footnotes":""},"categories":[3],"tags":[],"class_list":["post-14277","post","type-post","status-publish","format-standard","has-post-thumbnail","hentry","category-noticias"],"_links":{"self":[{"href":"https:\/\/hostnetart.com.br\/baixada\/wp-json\/wp\/v2\/posts\/14277","targetHints":{"allow":["GET"]}}],"collection":[{"href":"https:\/\/hostnetart.com.br\/baixada\/wp-json\/wp\/v2\/posts"}],"about":[{"href":"https:\/\/hostnetart.com.br\/baixada\/wp-json\/wp\/v2\/types\/post"}],"author":[{"embeddable":true,"href":"https:\/\/hostnetart.com.br\/baixada\/wp-json\/wp\/v2\/users\/2"}],"replies":[{"embeddable":true,"href":"https:\/\/hostnetart.com.br\/baixada\/wp-json\/wp\/v2\/comments?post=14277"}],"version-history":[{"count":0,"href":"https:\/\/hostnetart.com.br\/baixada\/wp-json\/wp\/v2\/posts\/14277\/revisions"}],"wp:featuredmedia":[{"embeddable":true,"href":"https:\/\/hostnetart.com.br\/baixada\/wp-json\/wp\/v2\/media\/14276"}],"wp:attachment":[{"href":"https:\/\/hostnetart.com.br\/baixada\/wp-json\/wp\/v2\/media?parent=14277"}],"wp:term":[{"taxonomy":"category","embeddable":true,"href":"https:\/\/hostnetart.com.br\/baixada\/wp-json\/wp\/v2\/categories?post=14277"},{"taxonomy":"post_tag","embeddable":true,"href":"https:\/\/hostnetart.com.br\/baixada\/wp-json\/wp\/v2\/tags?post=14277"}],"curies":[{"name":"wp","href":"https:\/\/api.w.org\/{rel}","templated":true}]}}