{"id":14269,"date":"2023-07-06T15:23:28","date_gmt":"2023-07-06T18:23:28","guid":{"rendered":"https:\/\/hostnetart.com.br\/baixada\/bancaria-da-caixa-e-vitima-de-racismo-em-recife\/"},"modified":"2023-07-06T15:23:28","modified_gmt":"2023-07-06T18:23:28","slug":"bancaria-da-caixa-e-vitima-de-racismo-em-recife","status":"publish","type":"post","link":"https:\/\/hostnetart.com.br\/baixada\/bancaria-da-caixa-e-vitima-de-racismo-em-recife\/","title":{"rendered":"Banc\u00e1ria da Caixa \u00e9 v\u00edtima de racismo em Recife"},"content":{"rendered":"<p>A banc\u00e1ria Cibele Lopes, empregada da Caixa Econ\u00f4mica Federal, foi v\u00edtima de um ato racista cometido por uma cliente, dentro da ag\u00eancia Boa Vista, no Recife. O Sindicato dos Banc\u00e1rios de Pernambuco se solidarizou com ela e acionou a assessoria jur\u00eddica para represent\u00e1-la. Em desabafo, Cibele disse que \u201cs\u00f3 sabe a dor quem passa. Sou uma mulher negra e sofro muito preconceito\u201d.<\/p>\n<p>De acordo com a banc\u00e1ria e testemunhas, no dia 29 de junho, uma cliente, que atua como advogada, proferiu palavras carregadas de preconceito racial a Cibele, enquanto ela fazia suas tarefas no banco. O coment\u00e1rio ofensivo e discriminat\u00f3rio se referia a seu cabelo.<\/p>\n<p>A banc\u00e1ria registou Boletim de Ocorr\u00eancia na Central de Flagrantes e teve o testemunho de colegas e do cliente que estava atendendo. A assessoria jur\u00eddica do Sindicato acompanhou o depoimento e orientou a banc\u00e1ria no registro do crime.<\/p>\n<p>\u201cN\u00e3o \u00e9 a primeira vez que eu preciso do Sindicato, e todas as vezes sempre recebi muito apoio. O advogado foi para a delegacia para me acompanhar, ficou comigo at\u00e9 concluir tudo. O apoio que recebi foi muito importante para n\u00e3o ficar com medo, n\u00e3o me sentir sozinha\u201d, afirmou Cibele.<\/p>\n<h3><strong>Racismo \u00e9 crime<\/strong><\/h3>\n<p>O secret\u00e1rio de Combate ao Racismo da Confedera\u00e7\u00e3o Nacional dos Trabalhadores do Ramo Financeiro (Contraf-CUT), Almir Aguiar, observou que os casos de preconceito, na sociedade e no mercado de trabalho, t\u00eam ocorrido com muita frequ\u00eancia, o que se agravou como consequ\u00eancia da postura racista do governo anterior. \u201cPor isso, \u00e9 fundamental combater toda a forma de preconceito, seja atrav\u00e9s da contrata\u00e7\u00e3o de negros e negras nos bancos, mas tamb\u00e9m com rea\u00e7\u00f5es contr\u00e1rias a essas atitudes racistas que percebemos no dia a dia\u201d, afirmou.<\/p>\n<p>O secret\u00e1rio disse que foi importante a iniciativa da banc\u00e1ria de procurar o Sindicato de Pernambuco, exemplo a ser seguido. \u201c\u00c9 fundamental tamb\u00e9m fazer a den\u00fancia p\u00fablica, al\u00e9m de registrar queixa na delegacia. S\u00e3o formas de avan\u00e7ar na luta antirracista e, principalmente, fazer cumprir a Lei 14.532, assinada em janeiro pelo presidente Lula, que equipara a inj\u00faria racial ao crime de racismo, que pode levar \u00e0 pris\u00e3o\u201d, lembrou.<\/p>\n<p>Almir tamb\u00e9m frisou que a sociedade tem de usar todas as formas para conter estes atos racistas. \u201cA Contraf-CUT se solidariza com a banc\u00e1ria e coloca a sua estrutura \u00e0 disposi\u00e7\u00e3o para ajud\u00e1-la no que for preciso\u201d, afirmou.<\/p>\n<h3><strong>Cliente foi detida<\/strong><\/h3>\n<p>\u201cEssa situa\u00e7\u00e3o \u00e9 algo que se repete, n\u00e3o \u00e9 um fato isolado. N\u00e3o especificamente sobre o meu cabelo, mas como eu sou uma mulher negra, muitas vezes as pessoas n\u00e3o acham que eu sou gerente ou empregada da Caixa. Por isso, fa\u00e7o quest\u00e3o de usar sempre o crach\u00e1. J\u00e1 deixei passar outras vezes, mas agora n\u00e3o. Desta vez, eu decidi denunciar para que a pessoa pague pelo que ela falou. Chamei a pol\u00edcia, a viatura chegou rapidamente na ag\u00eancia e ela foi autuada e detida. Eu tive apoio das pessoas que estavam ao meu redor, que falaram para essa pessoa que isso \u00e9 racismo. O apoio dos colegas da ag\u00eancia foi o que me fez dizer \u2018n\u00e3o, n\u00e3o vou me calar desta vez\u2019\u201d, relatou Cibele.<\/p>\n<p>A banc\u00e1ria disse ter decidido denunciar o caso por se sentir fortalecida por esta rede de apoio e pensar que outras pessoas, que passam pela mesma situa\u00e7\u00e3o, muitas vezes n\u00e3o t\u00eam como se defender e chegam a acreditar nas ofensas proferidas por pessoas racistas. \u201cMuita gente escuta essas ofensas e acredita no que essas pessoas dizem. Eu nunca acreditei que eu n\u00e3o poderia por conta da minha cor. Acho que agora ela vai pensar duas vezes antes de ofender qualquer pessoa\u201d, completou.<\/p>\n<p><strong>Fonte:\u00a0Contraf-CUT<\/strong><\/p>\n","protected":false},"excerpt":{"rendered":"<p>A banc\u00e1ria Cibele Lopes, empregada da Caixa Econ\u00f4mica Federal, foi v\u00edtima de um ato racista cometido por uma cliente, dentro da ag\u00eancia Boa Vista, no Recife. O Sindicato dos Banc\u00e1rios de Pernambuco se solidarizou com ela e acionou a assessoria jur\u00eddica para represent\u00e1-la. Em desabafo, Cibele disse que \u201cs\u00f3 sabe a dor quem passa. Sou [&hellip;]<\/p>\n","protected":false},"author":2,"featured_media":14268,"comment_status":"","ping_status":"","sticky":false,"template":"","format":"standard","meta":{"footnotes":""},"categories":[3],"tags":[],"class_list":["post-14269","post","type-post","status-publish","format-standard","has-post-thumbnail","hentry","category-noticias"],"_links":{"self":[{"href":"https:\/\/hostnetart.com.br\/baixada\/wp-json\/wp\/v2\/posts\/14269","targetHints":{"allow":["GET"]}}],"collection":[{"href":"https:\/\/hostnetart.com.br\/baixada\/wp-json\/wp\/v2\/posts"}],"about":[{"href":"https:\/\/hostnetart.com.br\/baixada\/wp-json\/wp\/v2\/types\/post"}],"author":[{"embeddable":true,"href":"https:\/\/hostnetart.com.br\/baixada\/wp-json\/wp\/v2\/users\/2"}],"replies":[{"embeddable":true,"href":"https:\/\/hostnetart.com.br\/baixada\/wp-json\/wp\/v2\/comments?post=14269"}],"version-history":[{"count":0,"href":"https:\/\/hostnetart.com.br\/baixada\/wp-json\/wp\/v2\/posts\/14269\/revisions"}],"wp:featuredmedia":[{"embeddable":true,"href":"https:\/\/hostnetart.com.br\/baixada\/wp-json\/wp\/v2\/media\/14268"}],"wp:attachment":[{"href":"https:\/\/hostnetart.com.br\/baixada\/wp-json\/wp\/v2\/media?parent=14269"}],"wp:term":[{"taxonomy":"category","embeddable":true,"href":"https:\/\/hostnetart.com.br\/baixada\/wp-json\/wp\/v2\/categories?post=14269"},{"taxonomy":"post_tag","embeddable":true,"href":"https:\/\/hostnetart.com.br\/baixada\/wp-json\/wp\/v2\/tags?post=14269"}],"curies":[{"name":"wp","href":"https:\/\/api.w.org\/{rel}","templated":true}]}}