{"id":14263,"date":"2023-07-05T19:34:15","date_gmt":"2023-07-05T22:34:15","guid":{"rendered":"https:\/\/hostnetart.com.br\/baixada\/ativistas-historicos-sao-homenageados-no-dia-da-luta-operaria\/"},"modified":"2023-07-05T19:34:15","modified_gmt":"2023-07-05T22:34:15","slug":"ativistas-historicos-sao-homenageados-no-dia-da-luta-operaria","status":"publish","type":"post","link":"https:\/\/hostnetart.com.br\/baixada\/ativistas-historicos-sao-homenageados-no-dia-da-luta-operaria\/","title":{"rendered":"Ativistas hist\u00f3ricos s\u00e3o homenageados no Dia da Luta Oper\u00e1ria"},"content":{"rendered":"<p>Neste domingo, 9 de julho, Dia da Luta Oper\u00e1ria, seis profissionais de v\u00e1rias \u00e1reas, ativistas com hist\u00f3rico relacionado \u00e0 defesa das causas sociais e do movimento dos trabalhadores, receber\u00e3o o Trof\u00e9u Jos\u00e9 Martinez, criado para celebrar a data.<\/p>\n<p>Dois deles estar\u00e3o presentes, para receber o pr\u00eamio em pessoa: a militante Ana Dias e o jornalista S\u00e9rgio Gomes. Aos outros quatro ser\u00e1 feita homenagem p\u00f3stuma: o metal\u00fargico Jos\u00e9 Ibrahim, os professores Jo\u00e3o Fel\u00edcio (ex-presidente da CUT) e Oswaldo Barros e o banc\u00e1rio Dirceu Travesso. Placas em agradecimento a sua dedica\u00e7\u00e3o \u00e0 luta dos trabalhadores e ao fortalecimento do movimento sindical ser\u00e3o entregues a seus familiares.<\/p>\n<p>Ana \u00e9 vi\u00fava do metal\u00fargico Santo Dias, assassinado pela ditadura militar em 1979, e tem longo trabalho pela emancipa\u00e7\u00e3o feminina na pol\u00edtica. Ela foi uma das l\u00edderes do Movimento do Custo de Vida no final dos anos 1970, em S\u00e3o Paulo, campanha popular pela redu\u00e7\u00e3o do custo de vida das fam\u00edlias, num per\u00edodo de profunda crise econ\u00f4mica no Brasil.<\/p>\n<p>S\u00e9rgio Gomes \u00e9 um dos fundadores da Obor\u00e9 Comunica\u00e7\u00f5es, em 1978, que contribuiu para que dezenas de entidades sindicais criassem e estruturassem seu sistema de comunica\u00e7\u00e3o. Coordenou a produ\u00e7\u00e3o do livro\u00a0<em>A Greve na Voz dos Trabalhadores<\/em>\u00a0e lan\u00e7ou o movimento pela funda\u00e7\u00e3o do Centro de Mem\u00f3ria Sindical, em 1980. Foi respons\u00e1vel por dezenas de outros projetos, sempre ligados ao mundo do trabalho, como os livros\u00a0<em>Guia dos Aflitos da Previd\u00eancia<\/em>,\u00a0<em>Morte Lenta no Trabalho<\/em>\u00a0e\u00a0<em>Loucura do Trabalho<\/em>.<\/p>\n<h3><strong>A data e o trof\u00e9u<\/strong><\/h3>\n<p>O trof\u00e9u homenageia o sapateiro anarco-sindicalista Jos\u00e9 Martinez, baleado e morto, h\u00e1 106 anos, no dia 9 de julho de 1917, por soldados da antiga For\u00e7a P\u00fablica na paralisa\u00e7\u00e3o em v\u00e1rias empresas em S\u00e3o Paulo, considerada a primeira greve geral do Brasil. O Dia da Luta Oper\u00e1ria foi institu\u00eddo pela lei municipal 16.634\/2017, proposta pelo ent\u00e3o vereador Donato (PT).<\/p>\n<p>A iniciativa \u00e9 das centrais CUT, For\u00e7a Sindical, UGT, CTB, CSB, NCST, Intersindical Central da Classe Trabalhadora, CSP-Conlutas, P\u00fablica e Intersindical Instrumento de Luta e Organiza\u00e7\u00e3o da Classe Trabalhadora. Participam da organiza\u00e7\u00e3o do evento o Centro de Mem\u00f3ria Sindical, o Instituto Astrojildo Pereira e Interc\u00e2mbio Informa\u00e7\u00f5es Estudos Pesquisas (IIE).<\/p>\n<p>O evento ser\u00e1 no Galp\u00e3o do Armaz\u00e9m do Campo do MST, na alameda Eduardo Prado, 474, Campos El\u00edseos, em S\u00e3o Paulo, \u00e0s 9 horas.<\/p>\n<p><strong>Fonte: Contraf-CUT<\/strong><\/p>\n","protected":false},"excerpt":{"rendered":"<p>Neste domingo, 9 de julho, Dia da Luta Oper\u00e1ria, seis profissionais de v\u00e1rias \u00e1reas, ativistas com hist\u00f3rico relacionado \u00e0 defesa das causas sociais e do movimento dos trabalhadores, receber\u00e3o o Trof\u00e9u Jos\u00e9 Martinez, criado para celebrar a data. Dois deles estar\u00e3o presentes, para receber o pr\u00eamio em pessoa: a militante Ana Dias e o jornalista [&hellip;]<\/p>\n","protected":false},"author":2,"featured_media":14262,"comment_status":"","ping_status":"","sticky":false,"template":"","format":"standard","meta":{"footnotes":""},"categories":[3],"tags":[],"class_list":["post-14263","post","type-post","status-publish","format-standard","has-post-thumbnail","hentry","category-noticias"],"_links":{"self":[{"href":"https:\/\/hostnetart.com.br\/baixada\/wp-json\/wp\/v2\/posts\/14263","targetHints":{"allow":["GET"]}}],"collection":[{"href":"https:\/\/hostnetart.com.br\/baixada\/wp-json\/wp\/v2\/posts"}],"about":[{"href":"https:\/\/hostnetart.com.br\/baixada\/wp-json\/wp\/v2\/types\/post"}],"author":[{"embeddable":true,"href":"https:\/\/hostnetart.com.br\/baixada\/wp-json\/wp\/v2\/users\/2"}],"replies":[{"embeddable":true,"href":"https:\/\/hostnetart.com.br\/baixada\/wp-json\/wp\/v2\/comments?post=14263"}],"version-history":[{"count":0,"href":"https:\/\/hostnetart.com.br\/baixada\/wp-json\/wp\/v2\/posts\/14263\/revisions"}],"wp:featuredmedia":[{"embeddable":true,"href":"https:\/\/hostnetart.com.br\/baixada\/wp-json\/wp\/v2\/media\/14262"}],"wp:attachment":[{"href":"https:\/\/hostnetart.com.br\/baixada\/wp-json\/wp\/v2\/media?parent=14263"}],"wp:term":[{"taxonomy":"category","embeddable":true,"href":"https:\/\/hostnetart.com.br\/baixada\/wp-json\/wp\/v2\/categories?post=14263"},{"taxonomy":"post_tag","embeddable":true,"href":"https:\/\/hostnetart.com.br\/baixada\/wp-json\/wp\/v2\/tags?post=14263"}],"curies":[{"name":"wp","href":"https:\/\/api.w.org\/{rel}","templated":true}]}}