{"id":14251,"date":"2023-06-30T18:48:39","date_gmt":"2023-06-30T21:48:39","guid":{"rendered":"https:\/\/hostnetart.com.br\/baixada\/movimento-sindical-indica-representante-para-comite-eleitoral-da-santander-previ\/"},"modified":"2023-06-30T18:48:39","modified_gmt":"2023-06-30T21:48:39","slug":"movimento-sindical-indica-representante-para-comite-eleitoral-da-santander-previ","status":"publish","type":"post","link":"https:\/\/hostnetart.com.br\/baixada\/movimento-sindical-indica-representante-para-comite-eleitoral-da-santander-previ\/","title":{"rendered":"Movimento sindical indica representante para comit\u00ea eleitoral da Santander Previ"},"content":{"rendered":"<p>A Comiss\u00e3o de Organiza\u00e7\u00e3o dos Empregados (COE) do Santander se reuniu com a dire\u00e7\u00e3o do banco, na manh\u00e3 desta sexta-feira (30), para debater o processo eleitoral para escolher um representante dos participantes e assistidos no Conselho Deliberativo e um no Conselho Fiscal do Santander Previ, o fundo de previd\u00eancia complementar dos funcion\u00e1rios de empresas ligadas ao Grupo Santander.<\/p>\n<p>De acordo com o regimento eleitoral da entidade, o acompanhamento e apura\u00e7\u00e3o do processo eleitoral \u00e9 feito, em cada elei\u00e7\u00e3o, por um comit\u00ea eleitoral, composto de dois representantes do banco (1 da patrocinadora e 1 do banco) e representante do movimento sindical. Este \u00faltimo ser\u00e1 Rafael Felix Lara, do Sindicato dos Trabalhadores em Empresas do Ramo Financeiro do Grande ABC.<\/p>\n<p>A primeira reuni\u00e3o deste comit\u00ea ser\u00e1 realizada na pr\u00f3xima sexta-feira (7), quando ser\u00e1 definido todo o cronograma eleitoral. \u201cA presen\u00e7a de um membro do movimento sindical \u00e9 fundamental para garantir total transpar\u00eancia na divulga\u00e7\u00e3o para as banc\u00e1rias e para os banc\u00e1rios e para levar as pautas da classe trabalhadora para o processo\u201d, afirmou Wanessa Queiroz, coordenadora da COE Santander.<\/p>\n<p><strong>Fonte: Contraf-CUT<\/strong><\/p>\n","protected":false},"excerpt":{"rendered":"<p>A Comiss\u00e3o de Organiza\u00e7\u00e3o dos Empregados (COE) do Santander se reuniu com a dire\u00e7\u00e3o do banco, na manh\u00e3 desta sexta-feira (30), para debater o processo eleitoral para escolher um representante dos participantes e assistidos no Conselho Deliberativo e um no Conselho Fiscal do Santander Previ, o fundo de previd\u00eancia complementar dos funcion\u00e1rios de empresas ligadas [&hellip;]<\/p>\n","protected":false},"author":2,"featured_media":14250,"comment_status":"","ping_status":"","sticky":false,"template":"","format":"standard","meta":{"footnotes":""},"categories":[3],"tags":[],"class_list":["post-14251","post","type-post","status-publish","format-standard","has-post-thumbnail","hentry","category-noticias"],"_links":{"self":[{"href":"https:\/\/hostnetart.com.br\/baixada\/wp-json\/wp\/v2\/posts\/14251","targetHints":{"allow":["GET"]}}],"collection":[{"href":"https:\/\/hostnetart.com.br\/baixada\/wp-json\/wp\/v2\/posts"}],"about":[{"href":"https:\/\/hostnetart.com.br\/baixada\/wp-json\/wp\/v2\/types\/post"}],"author":[{"embeddable":true,"href":"https:\/\/hostnetart.com.br\/baixada\/wp-json\/wp\/v2\/users\/2"}],"replies":[{"embeddable":true,"href":"https:\/\/hostnetart.com.br\/baixada\/wp-json\/wp\/v2\/comments?post=14251"}],"version-history":[{"count":0,"href":"https:\/\/hostnetart.com.br\/baixada\/wp-json\/wp\/v2\/posts\/14251\/revisions"}],"wp:featuredmedia":[{"embeddable":true,"href":"https:\/\/hostnetart.com.br\/baixada\/wp-json\/wp\/v2\/media\/14250"}],"wp:attachment":[{"href":"https:\/\/hostnetart.com.br\/baixada\/wp-json\/wp\/v2\/media?parent=14251"}],"wp:term":[{"taxonomy":"category","embeddable":true,"href":"https:\/\/hostnetart.com.br\/baixada\/wp-json\/wp\/v2\/categories?post=14251"},{"taxonomy":"post_tag","embeddable":true,"href":"https:\/\/hostnetart.com.br\/baixada\/wp-json\/wp\/v2\/tags?post=14251"}],"curies":[{"name":"wp","href":"https:\/\/api.w.org\/{rel}","templated":true}]}}