{"id":14247,"date":"2023-06-30T18:35:13","date_gmt":"2023-06-30T21:35:13","guid":{"rendered":"https:\/\/hostnetart.com.br\/baixada\/caixa-continua-sem-atender-demanda-pelo-fim-da-funcao-por-minuto\/"},"modified":"2023-06-30T18:35:13","modified_gmt":"2023-06-30T21:35:13","slug":"caixa-continua-sem-atender-demanda-pelo-fim-da-funcao-por-minuto","status":"publish","type":"post","link":"https:\/\/hostnetart.com.br\/baixada\/caixa-continua-sem-atender-demanda-pelo-fim-da-funcao-por-minuto\/","title":{"rendered":"Caixa continua sem atender demanda pelo fim da fun\u00e7\u00e3o por minuto"},"content":{"rendered":"<p>O Grupo de Trabalho formado por representantes da Caixa Econ\u00f4mica Federal e dos empregados para tratar de quest\u00f5es espec\u00edficas dos trabalhadores que exercem as fun\u00e7\u00f5es de caixas, tesoureiros e avaliadores de penhor retomou as negocia\u00e7\u00f5es, nesta ter\u00e7a-feira (27). O banco continuou se esquivando das respostas sobre o fim da designa\u00e7\u00e3o de fun\u00e7\u00e3o por minuto e retorno das fun\u00e7\u00f5es efetivas.<\/p>\n<p>\u201cO banco est\u00e1 apresentando respostas sobre quest\u00f5es pontuais, que tamb\u00e9m s\u00e3o importantes, mas n\u00e3o trazem nada de efetivo sobre as principais demandas que apresentamos\u201d, disse a coordenadora da Comiss\u00e3o Executiva dos Empregados (CEE) da Caixa, Fabiana Uehara Proscholdt. \u201cPedimos que o banco reveja as atas de nossas reuni\u00f5es e se debruce na solu\u00e7\u00e3o do que \u00e9 prioridade para os trabalhadores\u201d, completou.<\/p>\n<p>A coordenadora da CEE ressaltou que a designa\u00e7\u00e3o da fun\u00e7\u00e3o por minuto para os caixas, tesoureiros e avaliadores de penhor inviabiliza o trabalho, gera tens\u00e3o, adoecimento e preju\u00edzo aos trabalhadores. \u201cA fun\u00e7\u00e3o minuto \u00e9 uma aberra\u00e7\u00e3o! \u00c9 uma atividade que n\u00e3o conta pra nada na carreira dos empregados, fora a quest\u00e3o dos reflexos de final de semana, PLR, f\u00e9rias e afins. Isso sem contar a sobrecarga de trabalho e a cobran\u00e7a de vendas. \u00c9 surreal!\u201d, continuou.<\/p>\n<p>Com o intuito de minimizar as a\u00e7\u00f5es judiciais, a representa\u00e7\u00e3o dos trabalhadores tamb\u00e9m solicitou a inclus\u00e3o da \u201cpausa de 10 minutos\u201d como objeto das Comiss\u00f5es de Concilia\u00e7\u00e3o Volunt\u00e1rias (CCVs).<\/p>\n<h3>Tesoureiros<\/h3>\n<p>Outro ponto importante que ficou sem resposta foi o questionamento dos trabalhadores feito\u00a0<a href=\"https:\/\/contrafcut.com.br\/noticias\/impactos-financeiros-ainda-sao-entraves-para-fim-da-funcao-por-minuto\" target=\"_blank\" rel=\"noopener noreferrer\">na reuni\u00e3o passada<\/a>\u00a0sobre o banco estar reduzindo a jornada de tesoureiros, de oito para seis horas, com redu\u00e7\u00e3o proporcional do sal\u00e1rio e orienta\u00e7\u00e3o para que n\u00e3o sejam autorizadas horas-extras para estes profissionais.<\/p>\n<p>O movimento sindical observou que existe decis\u00e3o judicial para que a Caixa reduza a jornada da fun\u00e7\u00e3o. A redu\u00e7\u00e3o dos sal\u00e1rios foi uma liberalidade tomada pelo banco, uma vez que as a\u00e7\u00f5es judiciais n\u00e3o mencionam a redu\u00e7\u00e3o salarial.<\/p>\n<h3>Outras d<strong>emandas sem repostas<\/strong><\/h3>\n<p>Na reuni\u00e3o anterior o banco havia dito n\u00e3o existir orienta\u00e7\u00e3o neste sentido e que era preciso analisar casos espec\u00edficos. Os casos continuaram acontecendo em diversas regi\u00f5es do pa\u00eds.<\/p>\n<p>Nenhuma resposta foi dada, tamb\u00e9m sobre a exclus\u00e3o das fun\u00e7\u00f5es de caixa, tesoureiro e avaliador de penhor do \u201ctime de vendas\u201d e tampouco sobre a revis\u00e3o do\u00a0<a href=\"https:\/\/contrafcut.com.br\/noticias\/assedio-na-caixa-continua\" target=\"_blank\" rel=\"noopener noreferrer\">Programa Qualidade de Vendas (PQV)<\/a>, que, ao inv\u00e9s de ser educativo est\u00e1 sendo usado como ferramenta de puni\u00e7\u00e3o aos empregados quando existe uma venda \u201cindevida\u201d. \u201cMas, o problema que s\u00e3o as metas abusivas que \u00e9 o cerne n\u00e3o est\u00e1 sendo resolvido\u201d, observou a coordenadora da CEE.<\/p>\n<p>Um ponto refor\u00e7ado na reuni\u00e3o foi a necessidade urgente de troca de equipamentos, bem como a estabilidade dos sistemas. \u201cNa \u00faltima reuni\u00e3o, a Caixa trouxe a informa\u00e7\u00e3o de melhorias no SISAG (Sistema de Automa\u00e7\u00e3o de Produtos e Servi\u00e7os Banc\u00e1rios de Ag\u00eancia), mas o que pudemos perceber \u00e9 que o sistema passou a ficar mais inst\u00e1vel, afetando inclusive outras aplica\u00e7\u00f5es. Isso tem prejudicado o trabalho dos empregados e causado demora no atendimento \u00e0 popula\u00e7\u00e3o\u201d, afirmou Fabiana.<\/p>\n<p>Ao final da reuni\u00e3o, ap\u00f3s a representa\u00e7\u00e3o dos trabalhadores refor\u00e7ar a cobran\u00e7a de respostas, a representa\u00e7\u00e3o do banco tentou argumentar que as atividades realizadas est\u00e3o dentro do escopo de trabalho das fun\u00e7\u00f5es. Mas, a coordenadora da CEE lembrou que, na reuni\u00e3o passada, j\u00e1 havia discord\u00e2ncia desta argumenta\u00e7\u00e3o e o pedido para que o banco resgatasse as atribui\u00e7\u00f5es previstas no RH183 e comparasse com o que os empregados v\u00eam fazendo na pr\u00e1tica, para que eles n\u00e3o executem tarefas que n\u00e3o sejam de suas responsabilidades, com a inten\u00e7\u00e3o acabar com os desvios de fun\u00e7\u00f5es.<\/p>\n<p>Ap\u00f3s esta observa\u00e7\u00e3o, a representa\u00e7\u00e3o da Caixa disse que levaria as quest\u00f5es para serem analisadas pelos setores espec\u00edficos.<\/p>\n<p>A representa\u00e7\u00e3o sindical refor\u00e7ou outro pedido feito na reuni\u00e3o passada, para que a Caixa aprimore a ata das reuni\u00f5es, de modo a facilitar o atendimento das reivindica\u00e7\u00f5es e o acompanhamento do que est\u00e1 sendo realizado.<\/p>\n<h3><strong>Respostas dadas<\/strong><\/h3>\n<p>O banco relembrou que demandas sobre a melhoria dos mobili\u00e1rios, contemplando a substitui\u00e7\u00e3o com participa\u00e7\u00e3o avalia\u00e7\u00e3o pelos usu\u00e1rios, foram atendidas. Disse tamb\u00e9m que existe um cronograma para a adapta\u00e7\u00e3o de ag\u00eancias para pessoas com defici\u00eancia (PCDs). Tamb\u00e9m est\u00e1 sendo realizada a revis\u00e3o da forma\u00e7\u00e3o de avaliadores de penhor.<\/p>\n<p><strong>Fonte: Contraf-CUT<\/strong><\/p>\n","protected":false},"excerpt":{"rendered":"<p>O Grupo de Trabalho formado por representantes da Caixa Econ\u00f4mica Federal e dos empregados para tratar de quest\u00f5es espec\u00edficas dos trabalhadores que exercem as fun\u00e7\u00f5es de caixas, tesoureiros e avaliadores de penhor retomou as negocia\u00e7\u00f5es, nesta ter\u00e7a-feira (27). O banco continuou se esquivando das respostas sobre o fim da designa\u00e7\u00e3o de fun\u00e7\u00e3o por minuto e [&hellip;]<\/p>\n","protected":false},"author":2,"featured_media":14246,"comment_status":"","ping_status":"","sticky":false,"template":"","format":"standard","meta":{"footnotes":""},"categories":[3],"tags":[],"class_list":["post-14247","post","type-post","status-publish","format-standard","has-post-thumbnail","hentry","category-noticias"],"_links":{"self":[{"href":"https:\/\/hostnetart.com.br\/baixada\/wp-json\/wp\/v2\/posts\/14247","targetHints":{"allow":["GET"]}}],"collection":[{"href":"https:\/\/hostnetart.com.br\/baixada\/wp-json\/wp\/v2\/posts"}],"about":[{"href":"https:\/\/hostnetart.com.br\/baixada\/wp-json\/wp\/v2\/types\/post"}],"author":[{"embeddable":true,"href":"https:\/\/hostnetart.com.br\/baixada\/wp-json\/wp\/v2\/users\/2"}],"replies":[{"embeddable":true,"href":"https:\/\/hostnetart.com.br\/baixada\/wp-json\/wp\/v2\/comments?post=14247"}],"version-history":[{"count":0,"href":"https:\/\/hostnetart.com.br\/baixada\/wp-json\/wp\/v2\/posts\/14247\/revisions"}],"wp:featuredmedia":[{"embeddable":true,"href":"https:\/\/hostnetart.com.br\/baixada\/wp-json\/wp\/v2\/media\/14246"}],"wp:attachment":[{"href":"https:\/\/hostnetart.com.br\/baixada\/wp-json\/wp\/v2\/media?parent=14247"}],"wp:term":[{"taxonomy":"category","embeddable":true,"href":"https:\/\/hostnetart.com.br\/baixada\/wp-json\/wp\/v2\/categories?post=14247"},{"taxonomy":"post_tag","embeddable":true,"href":"https:\/\/hostnetart.com.br\/baixada\/wp-json\/wp\/v2\/tags?post=14247"}],"curies":[{"name":"wp","href":"https:\/\/api.w.org\/{rel}","templated":true}]}}