{"id":14243,"date":"2023-06-29T03:11:45","date_gmt":"2023-06-29T06:11:45","guid":{"rendered":"https:\/\/hostnetart.com.br\/baixada\/gt-de-saude-do-itau-negocia-acompanhamento-de-metas\/"},"modified":"2023-06-29T03:11:45","modified_gmt":"2023-06-29T06:11:45","slug":"gt-de-saude-do-itau-negocia-acompanhamento-de-metas","status":"publish","type":"post","link":"https:\/\/hostnetart.com.br\/baixada\/gt-de-saude-do-itau-negocia-acompanhamento-de-metas\/","title":{"rendered":"GT de Sa\u00fade do Ita\u00fa negocia acompanhamento de metas"},"content":{"rendered":"<p>O Grupo de Trabalho (GT) de Sa\u00fade do Ita\u00fa voltou a se reunir com a dire\u00e7\u00e3o do banco, na ter\u00e7a-feira (27), em S\u00e3o Paulo, para cobrar o cumprimento da cl\u00e1usula 87 da Conven\u00e7\u00e3o Coletiva de Trabalho (CCT), negociada na Campanha Nacional de 2022. O texto prev\u00ea o debate sobre as formas de acompanhamento das metas estipuladas para cada trabalhador e suas cobran\u00e7as pelo banco.<\/p>\n<p>Os representantes dos trabalhadores denunciaram os alarmantes n\u00fameros de adoecimento ps\u00edquico relacionado ao trabalho no banco. De acordo com o levantamento dos sindicatos, 80% dos casos dos bancos s\u00e3o de esgotamento profissional ocasionados por metas inating\u00edveis e ass\u00e9dio moral. \u201cAs den\u00fancias de ass\u00e9dio aumentaram expressivamente e os afastamentos tamb\u00e9m. Por isso, propusemos ao banco um programa que respeite as metas acertadas no in\u00edcio do ano, pois os trabalhadores reclamam das constantes mudan\u00e7as. Tamb\u00e9m foi proposto um sistema de metas coletivas, minimizando as metas individuais\u201d, revelou a coordenadora do GT de Sa\u00fade, Luciana Duarte.<\/p>\n<p>O banco apresentou ao GT o sistema de constru\u00e7\u00e3o de metas, que leva em considera\u00e7\u00e3o apenas o programa e a remunera\u00e7\u00e3o, o que n\u00e3o foi o foco da proposta do GT. \u201cO banco n\u00e3o levou em considera\u00e7\u00e3o o adoecimento e as den\u00fancias de constante ass\u00e9dio, queremos que as metas que s\u00e3o contratadas sejam respeitadas e coletivas\u201d, completou Luciana.<\/p>\n<p>Para Valeska Pincovai, representante do Sindicato dos Banc\u00e1rios de S\u00e3o Paulo, Osasco e Regi\u00e3o no GT de Sa\u00fade do Ita\u00fa, \u201cos dados que o banco apresentou n\u00e3o demonstram a realidade do sofrimento enfrentado pelos trabalhadores banc\u00e1rios. \u00c9 uma realidade paralela, uma vis\u00e3o distorcida do mundo real do banc\u00e1rio do Ita\u00fa\u201d, criticou.<\/p>\n<p><strong>Fonte: Contraf-CUT<\/strong><\/p>\n","protected":false},"excerpt":{"rendered":"<p>O Grupo de Trabalho (GT) de Sa\u00fade do Ita\u00fa voltou a se reunir com a dire\u00e7\u00e3o do banco, na ter\u00e7a-feira (27), em S\u00e3o Paulo, para cobrar o cumprimento da cl\u00e1usula 87 da Conven\u00e7\u00e3o Coletiva de Trabalho (CCT), negociada na Campanha Nacional de 2022. O texto prev\u00ea o debate sobre as formas de acompanhamento das metas [&hellip;]<\/p>\n","protected":false},"author":2,"featured_media":14242,"comment_status":"","ping_status":"","sticky":false,"template":"","format":"standard","meta":{"footnotes":""},"categories":[3],"tags":[],"class_list":["post-14243","post","type-post","status-publish","format-standard","has-post-thumbnail","hentry","category-noticias"],"_links":{"self":[{"href":"https:\/\/hostnetart.com.br\/baixada\/wp-json\/wp\/v2\/posts\/14243","targetHints":{"allow":["GET"]}}],"collection":[{"href":"https:\/\/hostnetart.com.br\/baixada\/wp-json\/wp\/v2\/posts"}],"about":[{"href":"https:\/\/hostnetart.com.br\/baixada\/wp-json\/wp\/v2\/types\/post"}],"author":[{"embeddable":true,"href":"https:\/\/hostnetart.com.br\/baixada\/wp-json\/wp\/v2\/users\/2"}],"replies":[{"embeddable":true,"href":"https:\/\/hostnetart.com.br\/baixada\/wp-json\/wp\/v2\/comments?post=14243"}],"version-history":[{"count":0,"href":"https:\/\/hostnetart.com.br\/baixada\/wp-json\/wp\/v2\/posts\/14243\/revisions"}],"wp:featuredmedia":[{"embeddable":true,"href":"https:\/\/hostnetart.com.br\/baixada\/wp-json\/wp\/v2\/media\/14242"}],"wp:attachment":[{"href":"https:\/\/hostnetart.com.br\/baixada\/wp-json\/wp\/v2\/media?parent=14243"}],"wp:term":[{"taxonomy":"category","embeddable":true,"href":"https:\/\/hostnetart.com.br\/baixada\/wp-json\/wp\/v2\/categories?post=14243"},{"taxonomy":"post_tag","embeddable":true,"href":"https:\/\/hostnetart.com.br\/baixada\/wp-json\/wp\/v2\/tags?post=14243"}],"curies":[{"name":"wp","href":"https:\/\/api.w.org\/{rel}","templated":true}]}}