{"id":14239,"date":"2023-06-29T03:07:52","date_gmt":"2023-06-29T06:07:52","guid":{"rendered":"https:\/\/hostnetart.com.br\/baixada\/movimento-sindical-lanca-campanha-bancoparatodos\/"},"modified":"2023-06-29T03:07:52","modified_gmt":"2023-06-29T06:07:52","slug":"movimento-sindical-lanca-campanha-bancoparatodos","status":"publish","type":"post","link":"https:\/\/hostnetart.com.br\/baixada\/movimento-sindical-lanca-campanha-bancoparatodos\/","title":{"rendered":"Movimento Sindical lan\u00e7a campanha #BancoParaTodos"},"content":{"rendered":"<p>Os banc\u00e1rios de todo o Brasil realizaram, nesta quarta-feira (28), um Dia Nacional de Luta para o lan\u00e7amento da campanha #BancoParaTodos. O objetivo \u00e9 unificar a\u00e7\u00f5es e mobiliza\u00e7\u00f5es dos funcion\u00e1rios de todos os bancos contra o fechamento de ag\u00eancias banc\u00e1rias em diversas localidades do pa\u00eds e por este motivo.<\/p>\n<p>\u201cN\u00f3s queremos concentrar para potencializar os esfor\u00e7os das entidades sindicais a fim de pressionar as empresas a reverem tais posturas\u201d, afirmou Gustavo Tabatinga Jr., secret\u00e1rio-geral da Confedera\u00e7\u00e3o Nacional dos Trabalhadores do Ramo Financeiro (Contraf-CUT).<\/p>\n<p>Paralelamente, as comiss\u00f5es nacionais de empresa, de bancos privados e de bancos p\u00fablicos, t\u00eam levado \u00e0s mesas de negocia\u00e7\u00f5es a prioridade da luta contra o fechamento de unidades, no varejo e em \u00e1reas administrativas, e a consequente preserva\u00e7\u00e3o de postos de trabalho. Essas t\u00eam sido pautas permanentes em todas as inst\u00e2ncias do movimento sindical em contraposi\u00e7\u00e3o \u00e0 pr\u00e1tica dos bancos, que insistem na redu\u00e7\u00e3o de custos atrav\u00e9s dos cortes na folha de pagamento de sal\u00e1rios e na redu\u00e7\u00e3o de estruturas operacionais. \u201cA partir de agora, n\u00f3s vamos lutar de forma unificada contra esses e outros tantos problemas comuns a toda a categoria\u201d, completou Tabatinga.<\/p>\n<p><a href=\"https:\/\/contrafcut.com.br\/fotos\/lancamento-da-campanha-banco-para-todos\/?swcfpc=1\">Veja aqui as imagens das manifesta\u00e7\u00f5es por todo o pa\u00eds<\/a>.<\/p>\n<p><strong>Fonte: Contraf-CUT<\/strong><\/p>\n","protected":false},"excerpt":{"rendered":"<p>Os banc\u00e1rios de todo o Brasil realizaram, nesta quarta-feira (28), um Dia Nacional de Luta para o lan\u00e7amento da campanha #BancoParaTodos. O objetivo \u00e9 unificar a\u00e7\u00f5es e mobiliza\u00e7\u00f5es dos funcion\u00e1rios de todos os bancos contra o fechamento de ag\u00eancias banc\u00e1rias em diversas localidades do pa\u00eds e por este motivo. \u201cN\u00f3s queremos concentrar para potencializar os [&hellip;]<\/p>\n","protected":false},"author":2,"featured_media":14238,"comment_status":"","ping_status":"","sticky":false,"template":"","format":"standard","meta":{"footnotes":""},"categories":[3],"tags":[],"class_list":["post-14239","post","type-post","status-publish","format-standard","has-post-thumbnail","hentry","category-noticias"],"_links":{"self":[{"href":"https:\/\/hostnetart.com.br\/baixada\/wp-json\/wp\/v2\/posts\/14239","targetHints":{"allow":["GET"]}}],"collection":[{"href":"https:\/\/hostnetart.com.br\/baixada\/wp-json\/wp\/v2\/posts"}],"about":[{"href":"https:\/\/hostnetart.com.br\/baixada\/wp-json\/wp\/v2\/types\/post"}],"author":[{"embeddable":true,"href":"https:\/\/hostnetart.com.br\/baixada\/wp-json\/wp\/v2\/users\/2"}],"replies":[{"embeddable":true,"href":"https:\/\/hostnetart.com.br\/baixada\/wp-json\/wp\/v2\/comments?post=14239"}],"version-history":[{"count":0,"href":"https:\/\/hostnetart.com.br\/baixada\/wp-json\/wp\/v2\/posts\/14239\/revisions"}],"wp:featuredmedia":[{"embeddable":true,"href":"https:\/\/hostnetart.com.br\/baixada\/wp-json\/wp\/v2\/media\/14238"}],"wp:attachment":[{"href":"https:\/\/hostnetart.com.br\/baixada\/wp-json\/wp\/v2\/media?parent=14239"}],"wp:term":[{"taxonomy":"category","embeddable":true,"href":"https:\/\/hostnetart.com.br\/baixada\/wp-json\/wp\/v2\/categories?post=14239"},{"taxonomy":"post_tag","embeddable":true,"href":"https:\/\/hostnetart.com.br\/baixada\/wp-json\/wp\/v2\/tags?post=14239"}],"curies":[{"name":"wp","href":"https:\/\/api.w.org\/{rel}","templated":true}]}}