{"id":14237,"date":"2023-06-29T03:06:21","date_gmt":"2023-06-29T06:06:21","guid":{"rendered":"https:\/\/hostnetart.com.br\/baixada\/contraf-cut-inicia-curso-de-vigilancia-e-atencao-a-saude-dos-trabalhadores\/"},"modified":"2023-06-29T03:06:21","modified_gmt":"2023-06-29T06:06:21","slug":"contraf-cut-inicia-curso-de-vigilancia-e-atencao-a-saude-dos-trabalhadores","status":"publish","type":"post","link":"https:\/\/hostnetart.com.br\/baixada\/contraf-cut-inicia-curso-de-vigilancia-e-atencao-a-saude-dos-trabalhadores\/","title":{"rendered":"Contraf-CUT inicia Curso de Vigil\u00e2ncia e Aten\u00e7\u00e3o \u00e0 Sa\u00fade dos Trabalhadores"},"content":{"rendered":"<p>A Confedera\u00e7\u00e3o Nacional dos Trabalhadores do Ramo Financeiro (Contraf-CUT), com a organiza\u00e7\u00e3o das secretarias de Sa\u00fade do Trabalhador e de Forma\u00e7\u00e3o, INICIOU nesta quarta-feira (28), o Curso de Vigil\u00e2ncia e Aten\u00e7\u00e3o \u00e0 Sa\u00fade dos Trabalhadores. O evento visa o aprimoramento da forma\u00e7\u00e3o de dirigentes sindicais da categoria nos temas de sa\u00fade dos trabalhadores e seus desdobramentos.<\/p>\n<p>\u201cA grade do curso foi constru\u00edda para atender \u00e0s especificidades em sa\u00fade dos trabalhadores, com conte\u00fado ministrado por membros da academia e da \u00e1rea m\u00e9dica, com fundamenta\u00e7\u00e3o t\u00e9cnica e contextualizado \u00e0 luz da realidade dos banc\u00e1rios\u201d, afirmou Mauro Salles, secret\u00e1rio de Sa\u00fade da Contraf-CUT.<\/p>\n<p>\u201cOs banc\u00e1rios t\u00eam uma forte atua\u00e7\u00e3o na defesa da sa\u00fade dos trabalhadores. A forma\u00e7\u00e3o nessa \u00e1rea ajuda os dirigentes a conhecer a hist\u00f3ria e princ\u00edpios do movimento de sa\u00fade, al\u00e9m pensar, refletir e aprimorar as ferramentas de luta\u201d, disse Rafael Zanon, secret\u00e1rio de Forma\u00e7\u00e3o da Contraf-CUT.<\/p>\n<p>A m\u00e9dica e pesquisadora da Funda\u00e7\u00e3o Jorge Duprat Figueiredo de Seguran\u00e7a e Medicina do Trabalho, Maria Maeno, conduziu as reflex\u00f5es sobre vigil\u00e2ncia em sa\u00fade do trabalhador. \u201cOs dirigentes sindicais s\u00e3o a grande refer\u00eancia para os trabalhadores em geral. Se eles n\u00e3o tiverem uma boa forma\u00e7\u00e3o, souberem onde estamos, como estamos e para onde e como queremos chegar, eles acabam sendo uma refer\u00eancia parcial. Existem v\u00e1rios conceitos e acontecimentos passados que precisam ser conhecidos. Pois muita coisa que est\u00e1 acontecendo agora j\u00e1 aconteceu no passado, e se os conhecerem, eles saber\u00e3o como se prevenir dos desvios que podem ocorrer contra os interesses coletivos dos trabalhadores\u201d.<\/p>\n<p>O Curso de Vigil\u00e2ncia e Aten\u00e7\u00e3o \u00e0 Sa\u00fade dos Trabalhadores continua nesta quinta-feira (29), de forma presencial, com a aula sobre a sa\u00fade no contexto do trabalho banc\u00e1rio. No dia 19 de julho, a aula \u201cLegisla\u00e7\u00e3o Pertinente \u00e0 Sa\u00fade do Trabalhador, e no dia 23 de agosto, a aula ser\u00e1 \u201cOrganizando a a\u00e7\u00e3o\u201d, ser\u00e3o online. Os alunos voltam presencialmente a S\u00e3o Paulo nos dias 19 e 20 de outubro, para as duas \u00faltimas aulas \u201cVigil\u00e2ncia em A\u00e7\u00e3o\u201d e \u201cAcolhimento dos Trabalhadores\u201d.<\/p>\n<p><strong>Fonte: Contraf-CUT<\/strong><\/p>\n","protected":false},"excerpt":{"rendered":"<p>A Confedera\u00e7\u00e3o Nacional dos Trabalhadores do Ramo Financeiro (Contraf-CUT), com a organiza\u00e7\u00e3o das secretarias de Sa\u00fade do Trabalhador e de Forma\u00e7\u00e3o, INICIOU nesta quarta-feira (28), o Curso de Vigil\u00e2ncia e Aten\u00e7\u00e3o \u00e0 Sa\u00fade dos Trabalhadores. O evento visa o aprimoramento da forma\u00e7\u00e3o de dirigentes sindicais da categoria nos temas de sa\u00fade dos trabalhadores e seus [&hellip;]<\/p>\n","protected":false},"author":2,"featured_media":14236,"comment_status":"","ping_status":"","sticky":false,"template":"","format":"standard","meta":{"footnotes":""},"categories":[3],"tags":[],"class_list":["post-14237","post","type-post","status-publish","format-standard","has-post-thumbnail","hentry","category-noticias"],"_links":{"self":[{"href":"https:\/\/hostnetart.com.br\/baixada\/wp-json\/wp\/v2\/posts\/14237","targetHints":{"allow":["GET"]}}],"collection":[{"href":"https:\/\/hostnetart.com.br\/baixada\/wp-json\/wp\/v2\/posts"}],"about":[{"href":"https:\/\/hostnetart.com.br\/baixada\/wp-json\/wp\/v2\/types\/post"}],"author":[{"embeddable":true,"href":"https:\/\/hostnetart.com.br\/baixada\/wp-json\/wp\/v2\/users\/2"}],"replies":[{"embeddable":true,"href":"https:\/\/hostnetart.com.br\/baixada\/wp-json\/wp\/v2\/comments?post=14237"}],"version-history":[{"count":0,"href":"https:\/\/hostnetart.com.br\/baixada\/wp-json\/wp\/v2\/posts\/14237\/revisions"}],"wp:featuredmedia":[{"embeddable":true,"href":"https:\/\/hostnetart.com.br\/baixada\/wp-json\/wp\/v2\/media\/14236"}],"wp:attachment":[{"href":"https:\/\/hostnetart.com.br\/baixada\/wp-json\/wp\/v2\/media?parent=14237"}],"wp:term":[{"taxonomy":"category","embeddable":true,"href":"https:\/\/hostnetart.com.br\/baixada\/wp-json\/wp\/v2\/categories?post=14237"},{"taxonomy":"post_tag","embeddable":true,"href":"https:\/\/hostnetart.com.br\/baixada\/wp-json\/wp\/v2\/tags?post=14237"}],"curies":[{"name":"wp","href":"https:\/\/api.w.org\/{rel}","templated":true}]}}