{"id":14231,"date":"2023-06-28T16:10:21","date_gmt":"2023-06-28T19:10:21","guid":{"rendered":"https:\/\/hostnetart.com.br\/baixada\/sindicato-percorre-agencias-no-dia-nacional-de-luta-em-defesa-do-emprego-e-por-direitos\/"},"modified":"2023-06-28T16:10:21","modified_gmt":"2023-06-28T19:10:21","slug":"sindicato-percorre-agencias-no-dia-nacional-de-luta-em-defesa-do-emprego-e-por-direitos","status":"publish","type":"post","link":"https:\/\/hostnetart.com.br\/baixada\/sindicato-percorre-agencias-no-dia-nacional-de-luta-em-defesa-do-emprego-e-por-direitos\/","title":{"rendered":"Sindicato percorre ag\u00eancias no Dia Nacional de Luta em Defesa do Emprego e por Direitos"},"content":{"rendered":"<p>Nesta quarta-feira, 28 de junho, o Sindicato dos Banc\u00e1rios da Baixada Fluminense percorreu ag\u00eancias banc\u00e1rias em Duque de Caxias e em Nova Igua\u00e7u, para protestar e debater sobre a defesa do emprego e dos direitos dos banc\u00e1rios e banc\u00e1rias.<\/p>\n<p>Foi o Dia Nacional de Luta em Defesa do Emprego e por Direitos, que tem como objetivo unificar as a\u00e7\u00f5es e as mobiliza\u00e7\u00f5es propostas em todos os bancos e, assim, concentrar e potencializar os esfor\u00e7os das entidades sindicais a fim de pressionar as empresas a reverem tais posturas.<\/p>\n<p>Paralelamente, as comiss\u00f5es nacionais de empresa, de bancos privados e de bancos p\u00fablicos, t\u00eam levado \u00e0s mesas de negocia\u00e7\u00f5es a prioridade da luta contra o fechamento de unidades, no varejo e em \u00e1reas administrativas, e a consequente preserva\u00e7\u00e3o de postos de trabalho.<\/p>\n<p>Essas tem sido pautas permanentes em todas as inst\u00e2ncias do movimento sindical em contraposi\u00e7\u00e3o \u00e0 pr\u00e1tica dos bancos, que insistem na redu\u00e7\u00e3o de custos atrav\u00e9s dos cortes na folha de pagamento de sal\u00e1rios e na redu\u00e7\u00e3o de estruturas operacionais.<\/p>\n<p>As a\u00e7\u00f5es deste dia de luta ser\u00e3o objeto de novos debates junto \u00e0s Comiss\u00f5es de Empresa para unifica\u00e7\u00e3o de futuras mobiliza\u00e7\u00f5es.<\/p>\n<p><i>*confira mais fotos em nossas redes sociais\u00a0<\/i><\/p>\n","protected":false},"excerpt":{"rendered":"<p>Nesta quarta-feira, 28 de junho, o Sindicato dos Banc\u00e1rios da Baixada Fluminense percorreu ag\u00eancias banc\u00e1rias em Duque de Caxias e em Nova Igua\u00e7u, para protestar e debater sobre a defesa do emprego e dos direitos dos banc\u00e1rios e banc\u00e1rias. Foi o Dia Nacional de Luta em Defesa do Emprego e por Direitos, que tem como [&hellip;]<\/p>\n","protected":false},"author":2,"featured_media":14230,"comment_status":"","ping_status":"","sticky":false,"template":"","format":"standard","meta":{"footnotes":""},"categories":[3],"tags":[],"class_list":["post-14231","post","type-post","status-publish","format-standard","has-post-thumbnail","hentry","category-noticias"],"_links":{"self":[{"href":"https:\/\/hostnetart.com.br\/baixada\/wp-json\/wp\/v2\/posts\/14231","targetHints":{"allow":["GET"]}}],"collection":[{"href":"https:\/\/hostnetart.com.br\/baixada\/wp-json\/wp\/v2\/posts"}],"about":[{"href":"https:\/\/hostnetart.com.br\/baixada\/wp-json\/wp\/v2\/types\/post"}],"author":[{"embeddable":true,"href":"https:\/\/hostnetart.com.br\/baixada\/wp-json\/wp\/v2\/users\/2"}],"replies":[{"embeddable":true,"href":"https:\/\/hostnetart.com.br\/baixada\/wp-json\/wp\/v2\/comments?post=14231"}],"version-history":[{"count":0,"href":"https:\/\/hostnetart.com.br\/baixada\/wp-json\/wp\/v2\/posts\/14231\/revisions"}],"wp:featuredmedia":[{"embeddable":true,"href":"https:\/\/hostnetart.com.br\/baixada\/wp-json\/wp\/v2\/media\/14230"}],"wp:attachment":[{"href":"https:\/\/hostnetart.com.br\/baixada\/wp-json\/wp\/v2\/media?parent=14231"}],"wp:term":[{"taxonomy":"category","embeddable":true,"href":"https:\/\/hostnetart.com.br\/baixada\/wp-json\/wp\/v2\/categories?post=14231"},{"taxonomy":"post_tag","embeddable":true,"href":"https:\/\/hostnetart.com.br\/baixada\/wp-json\/wp\/v2\/tags?post=14231"}],"curies":[{"name":"wp","href":"https:\/\/api.w.org\/{rel}","templated":true}]}}