{"id":14227,"date":"2023-06-27T03:13:55","date_gmt":"2023-06-27T06:13:55","guid":{"rendered":"https:\/\/hostnetart.com.br\/baixada\/aposentados-do-banerj-estado-confirma-antecipacao-do-13-salario\/"},"modified":"2023-06-27T03:13:55","modified_gmt":"2023-06-27T06:13:55","slug":"aposentados-do-banerj-estado-confirma-antecipacao-do-13-salario","status":"publish","type":"post","link":"https:\/\/hostnetart.com.br\/baixada\/aposentados-do-banerj-estado-confirma-antecipacao-do-13-salario\/","title":{"rendered":"Aposentados do Banerj: Estado confirma antecipa\u00e7\u00e3o do 13\u00ba sal\u00e1rio"},"content":{"rendered":"<p>A Secretaria de Fazenda do Estado do Rio de Janeiro (Sefaz) confirmou nesta segunda-feira (26), o pagamento da antecipa\u00e7\u00e3o da primeira parcela do 13\u00ba sal\u00e1rio dos servidores do estado, incluindo os aposentados do Banerj.<\/p>\n<p>A antecipa\u00e7\u00e3o ser\u00e1 paga na pr\u00f3xima sexta-feira (30).<\/p>\n<p>\u201cEssa \u00e9 uma boa not\u00edcia, capaz de aliviar o aperto em que vivem os trabalhadores, ativos e aposentados, nesta conjuntura de juros inexplicavelmente elevados, o que encarece o custo de vida\u201d, disse a Diretora de Imprensa do Sindicato, Vera Luiza Xavier, numa alus\u00e3o ao impacto negativo na vida dos trabalhadores causado pela decis\u00e3o do Banco Central de manter a taxa Selic em absurdos 13,75% ao ano.<\/p>\n<p><strong>Fonte: Banc\u00e1rios Rio<\/strong><\/p>\n<\/p>\n<p>\u00a0<\/p>\n","protected":false},"excerpt":{"rendered":"<p>A Secretaria de Fazenda do Estado do Rio de Janeiro (Sefaz) confirmou nesta segunda-feira (26), o pagamento da antecipa\u00e7\u00e3o da primeira parcela do 13\u00ba sal\u00e1rio dos servidores do estado, incluindo os aposentados do Banerj. A antecipa\u00e7\u00e3o ser\u00e1 paga na pr\u00f3xima sexta-feira (30). \u201cEssa \u00e9 uma boa not\u00edcia, capaz de aliviar o aperto em que vivem [&hellip;]<\/p>\n","protected":false},"author":2,"featured_media":14226,"comment_status":"","ping_status":"","sticky":false,"template":"","format":"standard","meta":{"footnotes":""},"categories":[3],"tags":[],"class_list":["post-14227","post","type-post","status-publish","format-standard","has-post-thumbnail","hentry","category-noticias"],"_links":{"self":[{"href":"https:\/\/hostnetart.com.br\/baixada\/wp-json\/wp\/v2\/posts\/14227","targetHints":{"allow":["GET"]}}],"collection":[{"href":"https:\/\/hostnetart.com.br\/baixada\/wp-json\/wp\/v2\/posts"}],"about":[{"href":"https:\/\/hostnetart.com.br\/baixada\/wp-json\/wp\/v2\/types\/post"}],"author":[{"embeddable":true,"href":"https:\/\/hostnetart.com.br\/baixada\/wp-json\/wp\/v2\/users\/2"}],"replies":[{"embeddable":true,"href":"https:\/\/hostnetart.com.br\/baixada\/wp-json\/wp\/v2\/comments?post=14227"}],"version-history":[{"count":0,"href":"https:\/\/hostnetart.com.br\/baixada\/wp-json\/wp\/v2\/posts\/14227\/revisions"}],"wp:featuredmedia":[{"embeddable":true,"href":"https:\/\/hostnetart.com.br\/baixada\/wp-json\/wp\/v2\/media\/14226"}],"wp:attachment":[{"href":"https:\/\/hostnetart.com.br\/baixada\/wp-json\/wp\/v2\/media?parent=14227"}],"wp:term":[{"taxonomy":"category","embeddable":true,"href":"https:\/\/hostnetart.com.br\/baixada\/wp-json\/wp\/v2\/categories?post=14227"},{"taxonomy":"post_tag","embeddable":true,"href":"https:\/\/hostnetart.com.br\/baixada\/wp-json\/wp\/v2\/tags?post=14227"}],"curies":[{"name":"wp","href":"https:\/\/api.w.org\/{rel}","templated":true}]}}