{"id":14223,"date":"2023-06-26T14:27:19","date_gmt":"2023-06-26T17:27:19","guid":{"rendered":"https:\/\/hostnetart.com.br\/baixada\/sindicato-dos-bancarios-da-baixada-fluminense-reintegra-mais-um-funcionario-do-itau\/"},"modified":"2023-06-26T14:27:19","modified_gmt":"2023-06-26T17:27:19","slug":"sindicato-dos-bancarios-da-baixada-fluminense-reintegra-mais-um-funcionario-do-itau","status":"publish","type":"post","link":"https:\/\/hostnetart.com.br\/baixada\/sindicato-dos-bancarios-da-baixada-fluminense-reintegra-mais-um-funcionario-do-itau\/","title":{"rendered":"Sindicato dos Banc\u00e1rios da Baixada Fluminense reintegra mais um funcion\u00e1rio do Ita\u00fa"},"content":{"rendered":"<p>Semana come\u00e7ando com \u00f3timas not\u00edcias!<\/p>\n<p>Nesta segunda-feira, 26 de junho, o Sindicato dos Banc\u00e1rios da Baixada Fluminense reintegrou mais um\u00a0funcion\u00e1rio do Banco Ita\u00fa.<\/p>\n<p>A reintegra\u00e7\u00e3o de\u00a0Ricardo Rega\u00e7o foi acompanhada pelos diretores Newton Fran\u00e7a,\u00a0Cl\u00e1udio Leite,\u00a0Martins e\u00a0Elizabeth Paradela.\u00a0<\/p>\n<p>Na \u00e9poca de sua demiss\u00e3o, o banc\u00e1rio estava acometido com doen\u00e7a ocupacional, sedo a sua dispensa, considerada pelo juiz, nula.<\/p>\n<p><strong>IMPORTANTE<\/strong><\/p>\n<p>O trabalhador banc\u00e1rio \u00e9 sindicalizado e, logo ap\u00f3s seu desligamento, procurou atendimento no Sindicato dos Banc\u00e1rios da Baixada Fluminense, onde foi prontamente atendido pelo Departamento Jur\u00eddico, atrav\u00e9s do advogado Luiz Paulo do Escrit\u00f3rio Baptista &amp; Reis Advogados Associados, e pelo Departamento de Sa\u00fade.<\/p>\n<p>\u00c9 fundamental que banc\u00e1rias e banc\u00e1rios, logo que sejam informados de suas demiss\u00f5es, procurem imediatamente atendimento no Sindicato.<\/p>\n<p><strong>ATENDIMENTO JUR\u00cdDICO PRESENCIAL<\/strong><\/p>\n<p>Nova Igua\u00e7u\u00a0&#8211; \u00e0s ter\u00e7as-feiras, das\u00a014 horas \u00e0s 17 horas (telefone:\u00a021 &#8211; 2658-8041)<\/p>\n<p>Duque de Caxias\u00a0&#8211; \u00e0s quintas-feiras, das 9 horas \u00e0s 13 horas (telefone: 21 \/ 26710-110)<\/p>\n<p><strong>SINDICALIZE-SE<\/strong><\/p><\/p>\n","protected":false},"excerpt":{"rendered":"<p>Semana come\u00e7ando com \u00f3timas not\u00edcias! Nesta segunda-feira, 26 de junho, o Sindicato dos Banc\u00e1rios da Baixada Fluminense reintegrou mais um\u00a0funcion\u00e1rio do Banco Ita\u00fa. A reintegra\u00e7\u00e3o de\u00a0Ricardo Rega\u00e7o foi acompanhada pelos diretores Newton Fran\u00e7a,\u00a0Cl\u00e1udio Leite,\u00a0Martins e\u00a0Elizabeth Paradela.\u00a0 Na \u00e9poca de sua demiss\u00e3o, o banc\u00e1rio estava acometido com doen\u00e7a ocupacional, sedo a sua dispensa, considerada pelo juiz, [&hellip;]<\/p>\n","protected":false},"author":2,"featured_media":14222,"comment_status":"","ping_status":"","sticky":false,"template":"","format":"standard","meta":{"footnotes":""},"categories":[3],"tags":[],"class_list":["post-14223","post","type-post","status-publish","format-standard","has-post-thumbnail","hentry","category-noticias"],"_links":{"self":[{"href":"https:\/\/hostnetart.com.br\/baixada\/wp-json\/wp\/v2\/posts\/14223","targetHints":{"allow":["GET"]}}],"collection":[{"href":"https:\/\/hostnetart.com.br\/baixada\/wp-json\/wp\/v2\/posts"}],"about":[{"href":"https:\/\/hostnetart.com.br\/baixada\/wp-json\/wp\/v2\/types\/post"}],"author":[{"embeddable":true,"href":"https:\/\/hostnetart.com.br\/baixada\/wp-json\/wp\/v2\/users\/2"}],"replies":[{"embeddable":true,"href":"https:\/\/hostnetart.com.br\/baixada\/wp-json\/wp\/v2\/comments?post=14223"}],"version-history":[{"count":0,"href":"https:\/\/hostnetart.com.br\/baixada\/wp-json\/wp\/v2\/posts\/14223\/revisions"}],"wp:featuredmedia":[{"embeddable":true,"href":"https:\/\/hostnetart.com.br\/baixada\/wp-json\/wp\/v2\/media\/14222"}],"wp:attachment":[{"href":"https:\/\/hostnetart.com.br\/baixada\/wp-json\/wp\/v2\/media?parent=14223"}],"wp:term":[{"taxonomy":"category","embeddable":true,"href":"https:\/\/hostnetart.com.br\/baixada\/wp-json\/wp\/v2\/categories?post=14223"},{"taxonomy":"post_tag","embeddable":true,"href":"https:\/\/hostnetart.com.br\/baixada\/wp-json\/wp\/v2\/tags?post=14223"}],"curies":[{"name":"wp","href":"https:\/\/api.w.org\/{rel}","templated":true}]}}