{"id":14219,"date":"2023-06-23T15:18:34","date_gmt":"2023-06-23T18:18:34","guid":{"rendered":"https:\/\/hostnetart.com.br\/baixada\/coe-solicitara-que-bmb-formalize-proposta-de-plr\/"},"modified":"2023-06-23T15:18:34","modified_gmt":"2023-06-23T18:18:34","slug":"coe-solicitara-que-bmb-formalize-proposta-de-plr","status":"publish","type":"post","link":"https:\/\/hostnetart.com.br\/baixada\/coe-solicitara-que-bmb-formalize-proposta-de-plr\/","title":{"rendered":"COE solicitar\u00e1 que BMB formalize proposta de PLR"},"content":{"rendered":"<p>A Comiss\u00e3o de Organiza\u00e7\u00e3o dos Empregados (COE) do Banco Mercantil do Brasil (BMB) avaliou, nesta quinta-feira (22) as propostas apresentadas pelo banco para o programa pr\u00f3prio de PLR do Mercantil e do Mercantil de Investimentos,\u00a0<a href=\"https:\/\/bancariosbh.org.br\/conteudo\/7423\/apos-cobranca-dos-sindicatos-mercantil-recua-em-relacao-a-meta-de-plr\" target=\"_blank\" rel=\"noopener noreferrer\">ap\u00f3s o banco aceitar<\/a>\u00a0reduzir a meta de lucro e ajustar o quadro de m\u00faltiplos salariais.<\/p>\n<p>A COE solicitar\u00e1 que o banco formalize a proposta com as altera\u00e7\u00f5es conquistadas na negocia\u00e7\u00e3o e posteriormente a Confedera\u00e7\u00e3o Nacional dos Trabalhadores do Ramo Financeiro (Contraf-CUT) organizar\u00e1 os tr\u00e2mites legais para a convoca\u00e7\u00e3o das assembleias para que as funcion\u00e1rias e funcion\u00e1rios do Mercantil dos sindicatos filiados \u00e0 Confedera\u00e7\u00e3o, deliberem sobre a proposta.<\/p>\n<p>\u201cDepois que o banco formalizar a proposta e as assembleias forem convocadas, divulgaremos as datas para que todos possam participar e votar, democraticamente, favor\u00e1veis ou contra o acordo\u201d, disse o coordenador da COE\/BMB, Marco Aur\u00e9lio Alves.<\/p>\n<p>Em caso de aprova\u00e7\u00e3o e cumprimento das metas estabelecidas, o banco dever\u00e1 pagar a primeira parcela da PLR at\u00e9 o dia 30 de setembro, e a segunda parcela at\u00e9 1\u00ba de mar\u00e7o de 2024, conforme previsto na Conven\u00e7\u00e3o Coletiva de Trabalho (CCT) da categoria.<\/p>\n<p><strong>Fonte:\u00a0<a href=\"https:\/\/bancariosbh.org.br\/conteudo\/7426\/coebmb-solicitara-nova-redacao-no-ppplr-2023-do-mercantil-para-encaminhamento-as-assembleias\" target=\"_blank\" rel=\"noopener noreferrer\">Seeb\/BH<\/a>, com edi\u00e7\u00f5es da Contraf-CUT<\/strong><\/p>\n","protected":false},"excerpt":{"rendered":"<p>A Comiss\u00e3o de Organiza\u00e7\u00e3o dos Empregados (COE) do Banco Mercantil do Brasil (BMB) avaliou, nesta quinta-feira (22) as propostas apresentadas pelo banco para o programa pr\u00f3prio de PLR do Mercantil e do Mercantil de Investimentos,\u00a0ap\u00f3s o banco aceitar\u00a0reduzir a meta de lucro e ajustar o quadro de m\u00faltiplos salariais. A COE solicitar\u00e1 que o banco [&hellip;]<\/p>\n","protected":false},"author":2,"featured_media":14218,"comment_status":"","ping_status":"","sticky":false,"template":"","format":"standard","meta":{"footnotes":""},"categories":[3],"tags":[],"class_list":["post-14219","post","type-post","status-publish","format-standard","has-post-thumbnail","hentry","category-noticias"],"_links":{"self":[{"href":"https:\/\/hostnetart.com.br\/baixada\/wp-json\/wp\/v2\/posts\/14219","targetHints":{"allow":["GET"]}}],"collection":[{"href":"https:\/\/hostnetart.com.br\/baixada\/wp-json\/wp\/v2\/posts"}],"about":[{"href":"https:\/\/hostnetart.com.br\/baixada\/wp-json\/wp\/v2\/types\/post"}],"author":[{"embeddable":true,"href":"https:\/\/hostnetart.com.br\/baixada\/wp-json\/wp\/v2\/users\/2"}],"replies":[{"embeddable":true,"href":"https:\/\/hostnetart.com.br\/baixada\/wp-json\/wp\/v2\/comments?post=14219"}],"version-history":[{"count":0,"href":"https:\/\/hostnetart.com.br\/baixada\/wp-json\/wp\/v2\/posts\/14219\/revisions"}],"wp:featuredmedia":[{"embeddable":true,"href":"https:\/\/hostnetart.com.br\/baixada\/wp-json\/wp\/v2\/media\/14218"}],"wp:attachment":[{"href":"https:\/\/hostnetart.com.br\/baixada\/wp-json\/wp\/v2\/media?parent=14219"}],"wp:term":[{"taxonomy":"category","embeddable":true,"href":"https:\/\/hostnetart.com.br\/baixada\/wp-json\/wp\/v2\/categories?post=14219"},{"taxonomy":"post_tag","embeddable":true,"href":"https:\/\/hostnetart.com.br\/baixada\/wp-json\/wp\/v2\/tags?post=14219"}],"curies":[{"name":"wp","href":"https:\/\/api.w.org\/{rel}","templated":true}]}}