{"id":14215,"date":"2023-06-22T21:26:15","date_gmt":"2023-06-23T00:26:15","guid":{"rendered":"https:\/\/hostnetart.com.br\/baixada\/funcionarios-do-bb-exigem-celeridade-na-resolucao-dos-problemas-nas-psos\/"},"modified":"2023-06-22T21:26:15","modified_gmt":"2023-06-23T00:26:15","slug":"funcionarios-do-bb-exigem-celeridade-na-resolucao-dos-problemas-nas-psos","status":"publish","type":"post","link":"https:\/\/hostnetart.com.br\/baixada\/funcionarios-do-bb-exigem-celeridade-na-resolucao-dos-problemas-nas-psos\/","title":{"rendered":"Funcion\u00e1rios do BB exigem celeridade na resolu\u00e7\u00e3o dos problemas nas PSOs"},"content":{"rendered":"<p>A Comiss\u00e3o de Empresa dos Funcion\u00e1rios do Banco do Brasil (CEBB) e representantes da dire\u00e7\u00e3o do BB se reuniram na tarde dessa quarta-feira (21) para mais uma rodada da mesa permanente de negocia\u00e7\u00f5es, desta vez, sobre os trabalhadores que atuam no sistema de Plataforma de Suporte Operacional (PSO), setor que agrega os caixas e a \u00e1rea de tesouraria das ag\u00eancias.<\/p>\n<p>Leandro Aresta, Diretor de Assuntos Jur\u00eddicos do Sindicato dos Banc\u00e1rios da Baixada Fluminense, representou a Federa\u00e7\u00e3o dos Trabalhadores do Ramo Financeiro dos Estados do Rio de Janeiro e Esp\u00edrito Santo (Fetraf RJ\/ ES) na reuni\u00e3o.<\/p>\n<p>O movimento sindical exigiu tamb\u00e9m a contrata\u00e7\u00e3o de funcion\u00e1rios para acabar com a sobrecarga de servi\u00e7os, que incluem atendimento de processos DJO (pagamento do alvar\u00e1 judicial).<\/p>\n<p>A necessidade de um plano de carreira para os trabalhadores das PSOs tamb\u00e9m foi destaque na mesa.<\/p>\n<p>Os representantes dos trabalhadores tamb\u00e9m criticaram o fato de muitos funcion\u00e1rios terem que usar o celular particular para conseguir atender as demandas dos servi\u00e7os.<\/p>\n<p>O banco respondeu que dar\u00e1 retornou sobre as quest\u00f5es apresentadas na primeira semana de julho. Os representantes dos trabalhadores na CEBB pediram celeridade.<\/p>\n<p><strong>Datas das pr\u00f3ximas mesas permanentes tem\u00e1ticas:<\/strong><\/p>\n<p>12\/07 \u2013 Centrais de Relacionamento do Banco do Brasil (CRBB);<\/p>\n<p>20\/07 \u2013 Promo\u00e7\u00e3o da Diversidade\/Igualdade de Oportunidade;<\/p>\n<p>11\/09 \u2013 Plano de Cargos e Sal\u00e1rios e Programa Performa;<\/p>\n<p>28\/09 \u2013 Caixa de Assist\u00eancia dos funcion\u00e1rios do Banco do Brasil (Cassi).<\/p>\n<p><i>*com informa\u00e7\u00f5es da Contraf-CUT<\/i><\/p>\n","protected":false},"excerpt":{"rendered":"<p>A Comiss\u00e3o de Empresa dos Funcion\u00e1rios do Banco do Brasil (CEBB) e representantes da dire\u00e7\u00e3o do BB se reuniram na tarde dessa quarta-feira (21) para mais uma rodada da mesa permanente de negocia\u00e7\u00f5es, desta vez, sobre os trabalhadores que atuam no sistema de Plataforma de Suporte Operacional (PSO), setor que agrega os caixas e a [&hellip;]<\/p>\n","protected":false},"author":2,"featured_media":14214,"comment_status":"","ping_status":"","sticky":false,"template":"","format":"standard","meta":{"footnotes":""},"categories":[3],"tags":[],"class_list":["post-14215","post","type-post","status-publish","format-standard","has-post-thumbnail","hentry","category-noticias"],"_links":{"self":[{"href":"https:\/\/hostnetart.com.br\/baixada\/wp-json\/wp\/v2\/posts\/14215","targetHints":{"allow":["GET"]}}],"collection":[{"href":"https:\/\/hostnetart.com.br\/baixada\/wp-json\/wp\/v2\/posts"}],"about":[{"href":"https:\/\/hostnetart.com.br\/baixada\/wp-json\/wp\/v2\/types\/post"}],"author":[{"embeddable":true,"href":"https:\/\/hostnetart.com.br\/baixada\/wp-json\/wp\/v2\/users\/2"}],"replies":[{"embeddable":true,"href":"https:\/\/hostnetart.com.br\/baixada\/wp-json\/wp\/v2\/comments?post=14215"}],"version-history":[{"count":0,"href":"https:\/\/hostnetart.com.br\/baixada\/wp-json\/wp\/v2\/posts\/14215\/revisions"}],"wp:featuredmedia":[{"embeddable":true,"href":"https:\/\/hostnetart.com.br\/baixada\/wp-json\/wp\/v2\/media\/14214"}],"wp:attachment":[{"href":"https:\/\/hostnetart.com.br\/baixada\/wp-json\/wp\/v2\/media?parent=14215"}],"wp:term":[{"taxonomy":"category","embeddable":true,"href":"https:\/\/hostnetart.com.br\/baixada\/wp-json\/wp\/v2\/categories?post=14215"},{"taxonomy":"post_tag","embeddable":true,"href":"https:\/\/hostnetart.com.br\/baixada\/wp-json\/wp\/v2\/tags?post=14215"}],"curies":[{"name":"wp","href":"https:\/\/api.w.org\/{rel}","templated":true}]}}