{"id":14211,"date":"2023-06-21T17:13:12","date_gmt":"2023-06-21T20:13:12","guid":{"rendered":"https:\/\/hostnetart.com.br\/baixada\/fetraf-rj-es-lanca-pesquisa-sobre-problemas-enfrentados-no-trabalho\/"},"modified":"2023-06-21T17:13:12","modified_gmt":"2023-06-21T20:13:12","slug":"fetraf-rj-es-lanca-pesquisa-sobre-problemas-enfrentados-no-trabalho","status":"publish","type":"post","link":"https:\/\/hostnetart.com.br\/baixada\/fetraf-rj-es-lanca-pesquisa-sobre-problemas-enfrentados-no-trabalho\/","title":{"rendered":"Fetraf RJ\/ES lan\u00e7a pesquisa sobre problemas enfrentados no trabalho"},"content":{"rendered":"<p>A Federa\u00e7\u00e3o dos Trabalhadores do Ramo Financeiro dos Estados do Rio de Janeiro e Esp\u00edrito Santo (Fetraf-RJ\/ES), da qual o Sindicato dos Banc\u00e1rios da Baixada Fluminense \u00e9 filiado, abriu uma consulta para saber dos problemas enfrentados pela categoria banc\u00e1ria em sua rotina de trabalho.<\/p>\n<p>A consulta, promovida pela Secretaria de Bancos Privados (Max Bezerra) junto com a Secretaria de Sa\u00fade do Trabalhador (Lizandre Borges), e com o aval do Presidente Nilton Esperan\u00e7a, garante o sigilo das respostas e servir\u00e1 como base de dados e argumentos em debates nas comiss\u00f5es com os bancos p\u00fablicos e privados e, tamb\u00e9m, para orienta\u00e7\u00e3o e atua\u00e7\u00e3o dos Sindicatos.<\/p>\n<p>Compartilhe o seu relato, seja de ass\u00e9dio moral, ass\u00e9dio sexual ou cobran\u00e7a exacerbada de metas.<\/p>\n<p>Sua voz \u00e9 importante e pode fazer a diferen\u00e7a na luta por um ambiente laboral mais humano e justo.<\/p>\n<p>Agradecemos sua participa\u00e7\u00e3o e confian\u00e7a.<\/p>\n<p>A pesquisa \u00e9 aberta para todas e todos os banc\u00e1rias e banc\u00e1rios, sindicalizados ou n\u00e3o, que fazem parte dos Sindicatos dos Banc\u00e1rios filiados \u00e0 Federa\u00e7\u00e3o: Angra dos Reis e Regi\u00e3o, Baixada Fluminense, Esp\u00edrito Santo, Itaperuna e Regi\u00e3o, Maca\u00e9 e Regi\u00e3o, Nova Friburgo e Regi\u00e3o e Tr\u00eas Rios e Regi\u00e3o.<\/p>\n<p>Os trabalhadores tem at\u00e9 o dia 3 de julho para responder.<\/p>\n<p>Para participar, acesse o link:\u00a0<a href=\"https:\/\/fetrafrjes.org.br\/consulta-problemas-enfrentados-no-trabalho\/\">https:\/\/fetrafrjes.org.br\/consulta-problemas-enfrentados-no-trabalho\/<\/a><\/p>\n<p>PARTICIPE!<\/p>\n<p><strong>Fonte: Fetraf RJ\/ES<\/strong><\/p>\n","protected":false},"excerpt":{"rendered":"<p>A Federa\u00e7\u00e3o dos Trabalhadores do Ramo Financeiro dos Estados do Rio de Janeiro e Esp\u00edrito Santo (Fetraf-RJ\/ES), da qual o Sindicato dos Banc\u00e1rios da Baixada Fluminense \u00e9 filiado, abriu uma consulta para saber dos problemas enfrentados pela categoria banc\u00e1ria em sua rotina de trabalho. A consulta, promovida pela Secretaria de Bancos Privados (Max Bezerra) junto [&hellip;]<\/p>\n","protected":false},"author":2,"featured_media":14210,"comment_status":"","ping_status":"","sticky":false,"template":"","format":"standard","meta":{"footnotes":""},"categories":[3],"tags":[],"class_list":["post-14211","post","type-post","status-publish","format-standard","has-post-thumbnail","hentry","category-noticias"],"_links":{"self":[{"href":"https:\/\/hostnetart.com.br\/baixada\/wp-json\/wp\/v2\/posts\/14211","targetHints":{"allow":["GET"]}}],"collection":[{"href":"https:\/\/hostnetart.com.br\/baixada\/wp-json\/wp\/v2\/posts"}],"about":[{"href":"https:\/\/hostnetart.com.br\/baixada\/wp-json\/wp\/v2\/types\/post"}],"author":[{"embeddable":true,"href":"https:\/\/hostnetart.com.br\/baixada\/wp-json\/wp\/v2\/users\/2"}],"replies":[{"embeddable":true,"href":"https:\/\/hostnetart.com.br\/baixada\/wp-json\/wp\/v2\/comments?post=14211"}],"version-history":[{"count":0,"href":"https:\/\/hostnetart.com.br\/baixada\/wp-json\/wp\/v2\/posts\/14211\/revisions"}],"wp:featuredmedia":[{"embeddable":true,"href":"https:\/\/hostnetart.com.br\/baixada\/wp-json\/wp\/v2\/media\/14210"}],"wp:attachment":[{"href":"https:\/\/hostnetart.com.br\/baixada\/wp-json\/wp\/v2\/media?parent=14211"}],"wp:term":[{"taxonomy":"category","embeddable":true,"href":"https:\/\/hostnetart.com.br\/baixada\/wp-json\/wp\/v2\/categories?post=14211"},{"taxonomy":"post_tag","embeddable":true,"href":"https:\/\/hostnetart.com.br\/baixada\/wp-json\/wp\/v2\/tags?post=14211"}],"curies":[{"name":"wp","href":"https:\/\/api.w.org\/{rel}","templated":true}]}}