{"id":14205,"date":"2023-06-20T17:11:27","date_gmt":"2023-06-20T20:11:27","guid":{"rendered":"https:\/\/hostnetart.com.br\/baixada\/sindicato-dos-bancarios-da-baixada-fluminense-participa-de-ato-contra-juros-altos\/"},"modified":"2023-06-20T17:11:27","modified_gmt":"2023-06-20T20:11:27","slug":"sindicato-dos-bancarios-da-baixada-fluminense-participa-de-ato-contra-juros-altos","status":"publish","type":"post","link":"https:\/\/hostnetart.com.br\/baixada\/sindicato-dos-bancarios-da-baixada-fluminense-participa-de-ato-contra-juros-altos\/","title":{"rendered":"Sindicato dos Banc\u00e1rios da Baixada Fluminense participa de ato contra juros altos"},"content":{"rendered":"<p>Nesta ter\u00e7a-feira, 20 de junho, o Sindicato dos Banc\u00e1rios da Baixada Fluminense esteve presente ao ato de protesto dos trabalhadores contra as altas taxas de juros da economia brasileira,\u00a0em frente \u00e0 sede do Banco Central, na Avenida Presidente Vargas,\u00a0Centro do Rio de Janeiro.<\/p>\n<p>O protesto ocorre no mesmo\u00a0dia em que come\u00e7a a reuni\u00e3o do Comit\u00ea de Pol\u00edtica Monet\u00e1ria (Copom) do Banco Central (BC) para definir a taxa b\u00e1sica de juros, a Selic.<\/p>\n<p>Hoje, o \u00edndice est\u00e1 em 13,75% ao ano, o que leva o Brasil a ter o juro real mais elevado em todo o mundo.<\/p>\n<p>As manifesta\u00e7\u00f5es ocorreram em todo o Brasil e fazem parte da Jornada de Lutas contra os Juros Altos,\u00a0com o\u00a0objetivo de pressionar Roberto Campos Neto, presidente da autoridade monet\u00e1ria, a parar de boicotar o Brasil e reduzir a taxa de juros que, nos patamares atuais, tem travado a economia.<\/p>\n<p>Os protestos s\u00e3o organizados pela CUT e outras centrais, como For\u00e7a Sindical, CTB, UGT, CSB, NCST, CSP Conlutas, Intersindical e A P\u00fablica. Tamb\u00e9m est\u00e3o mobilizadas entidades sindicais, como a Confedera\u00e7\u00e3o Nacional dos Trabalhadores do Ramo Financeiro (Contraf-CUT), al\u00e9m de movimentos sociais.<\/p>\n<p>&#8220;Precisamos protestar nas ruas, nas redes e onde pudermos estar presentes de alguma forma. Do jeito que est\u00e1, n\u00e3o iremos aceitar. Juros baixos j\u00e1!&#8221;, declarou a Coordenadora Geral do Sindicato, Renata Soeiro.<\/p>\n<p><em>*confira mais fotos em nossas redes sociais\u00a0<\/em><\/p>\n","protected":false},"excerpt":{"rendered":"<p>Nesta ter\u00e7a-feira, 20 de junho, o Sindicato dos Banc\u00e1rios da Baixada Fluminense esteve presente ao ato de protesto dos trabalhadores contra as altas taxas de juros da economia brasileira,\u00a0em frente \u00e0 sede do Banco Central, na Avenida Presidente Vargas,\u00a0Centro do Rio de Janeiro. O protesto ocorre no mesmo\u00a0dia em que come\u00e7a a reuni\u00e3o do Comit\u00ea [&hellip;]<\/p>\n","protected":false},"author":2,"featured_media":14204,"comment_status":"","ping_status":"","sticky":false,"template":"","format":"standard","meta":{"footnotes":""},"categories":[3],"tags":[],"class_list":["post-14205","post","type-post","status-publish","format-standard","has-post-thumbnail","hentry","category-noticias"],"_links":{"self":[{"href":"https:\/\/hostnetart.com.br\/baixada\/wp-json\/wp\/v2\/posts\/14205","targetHints":{"allow":["GET"]}}],"collection":[{"href":"https:\/\/hostnetart.com.br\/baixada\/wp-json\/wp\/v2\/posts"}],"about":[{"href":"https:\/\/hostnetart.com.br\/baixada\/wp-json\/wp\/v2\/types\/post"}],"author":[{"embeddable":true,"href":"https:\/\/hostnetart.com.br\/baixada\/wp-json\/wp\/v2\/users\/2"}],"replies":[{"embeddable":true,"href":"https:\/\/hostnetart.com.br\/baixada\/wp-json\/wp\/v2\/comments?post=14205"}],"version-history":[{"count":0,"href":"https:\/\/hostnetart.com.br\/baixada\/wp-json\/wp\/v2\/posts\/14205\/revisions"}],"wp:featuredmedia":[{"embeddable":true,"href":"https:\/\/hostnetart.com.br\/baixada\/wp-json\/wp\/v2\/media\/14204"}],"wp:attachment":[{"href":"https:\/\/hostnetart.com.br\/baixada\/wp-json\/wp\/v2\/media?parent=14205"}],"wp:term":[{"taxonomy":"category","embeddable":true,"href":"https:\/\/hostnetart.com.br\/baixada\/wp-json\/wp\/v2\/categories?post=14205"},{"taxonomy":"post_tag","embeddable":true,"href":"https:\/\/hostnetart.com.br\/baixada\/wp-json\/wp\/v2\/tags?post=14205"}],"curies":[{"name":"wp","href":"https:\/\/api.w.org\/{rel}","templated":true}]}}