{"id":14201,"date":"2023-06-19T23:28:40","date_gmt":"2023-06-20T02:28:40","guid":{"rendered":"https:\/\/hostnetart.com.br\/baixada\/comeca-o-periodo-de-troca-de-perfil-de-investimento-da-fundacao-itau\/"},"modified":"2023-06-19T23:28:40","modified_gmt":"2023-06-20T02:28:40","slug":"comeca-o-periodo-de-troca-de-perfil-de-investimento-da-fundacao-itau","status":"publish","type":"post","link":"https:\/\/hostnetart.com.br\/baixada\/comeca-o-periodo-de-troca-de-perfil-de-investimento-da-fundacao-itau\/","title":{"rendered":"Come\u00e7a o per\u00edodo de troca de perfil de investimento da Funda\u00e7\u00e3o Ita\u00fa"},"content":{"rendered":"<p>A partir desta segunda-feira (19), os participantes da Funda\u00e7\u00e3o Ita\u00fa t\u00eam a oportunidade de revisar e ajustar seus perfis de investimento, escolhendo entre quatro op\u00e7\u00f5es dispon\u00edveis: conservador, ultraconservador, moderado e arrojado. A iniciativa permite que os participantes alinhem seus investimentos de acordo com suas expectativas e toler\u00e2ncia ao risco e vai at\u00e9 o dia 18 de julho.<\/p>\n<p>\u201c\u00c9 importante ressaltar que a altera\u00e7\u00e3o de perfil \u00e9 uma decis\u00e3o pessoal, que requer uma compreens\u00e3o clara das informa\u00e7\u00f5es relacionadas a cada modalidade. Cada perfil possui seu pr\u00f3prio n\u00edvel de risco, e os participantes devem estar cientes das possibilidades antes de realizar qualquer mudan\u00e7a\u201d, declarou Carlos Damarindo, secret\u00e1rio de Cultura da Confedera\u00e7\u00e3o Nacional dos Trabalhadores do Ramo Financeiro (Contraf-CUT) e membro do Conselho da Funda\u00e7\u00e3o.<\/p>\n<p>Para obter mais informa\u00e7\u00f5es e esclarecer d\u00favidas, os participantes podem acessar o\u00a0<a href=\"https:\/\/www.fundacaoitauunibanco.com.br\/educacao-financeira-e-previdenciaria\/\">site oficial da Funda\u00e7\u00e3o Ita\u00fa<\/a>. L\u00e1, encontrar\u00e3o informa\u00e7\u00f5es detalhadas sobre os perfis de investimento, al\u00e9m de poderem entrar em contato com os conselheiros de fundos ou os comit\u00eas de planos, que est\u00e3o dispon\u00edveis para auxiliar e responder perguntas.<\/p>\n<p>Atualmente, a Funda\u00e7\u00e3o Ita\u00fa Unibanco \u00e9 uma das maiores institui\u00e7\u00f5es do pa\u00eds, com um patrim\u00f4nio ativo que ultrapassa R$ 30,7 bilh\u00f5es. Com o objetivo de manter seus participantes informados e atualizados, a Funda\u00e7\u00e3o realiza lives regularmente, proporcionando um espa\u00e7o para a discuss\u00e3o de assuntos relevantes e esclarecimento de d\u00favidas. \u201cRecomendamos fortemente que os participantes acompanhem essas lives, pois elas fornecem insights valiosos sobre o mercado e ajudam a compreender as decis\u00f5es de investimento tomadas pela Funda\u00e7\u00e3o. Afinal, \u00e9 fundamental estar bem informado para tomar decis\u00f5es financeiras s\u00f3lidas\u201d, finalizou Damarindo.<\/p>\n<p><strong>Fonte: Contraf-CUT<\/strong><\/p>\n","protected":false},"excerpt":{"rendered":"<p>A partir desta segunda-feira (19), os participantes da Funda\u00e7\u00e3o Ita\u00fa t\u00eam a oportunidade de revisar e ajustar seus perfis de investimento, escolhendo entre quatro op\u00e7\u00f5es dispon\u00edveis: conservador, ultraconservador, moderado e arrojado. A iniciativa permite que os participantes alinhem seus investimentos de acordo com suas expectativas e toler\u00e2ncia ao risco e vai at\u00e9 o dia 18 [&hellip;]<\/p>\n","protected":false},"author":2,"featured_media":14200,"comment_status":"","ping_status":"","sticky":false,"template":"","format":"standard","meta":{"footnotes":""},"categories":[3],"tags":[],"class_list":["post-14201","post","type-post","status-publish","format-standard","has-post-thumbnail","hentry","category-noticias"],"_links":{"self":[{"href":"https:\/\/hostnetart.com.br\/baixada\/wp-json\/wp\/v2\/posts\/14201","targetHints":{"allow":["GET"]}}],"collection":[{"href":"https:\/\/hostnetart.com.br\/baixada\/wp-json\/wp\/v2\/posts"}],"about":[{"href":"https:\/\/hostnetart.com.br\/baixada\/wp-json\/wp\/v2\/types\/post"}],"author":[{"embeddable":true,"href":"https:\/\/hostnetart.com.br\/baixada\/wp-json\/wp\/v2\/users\/2"}],"replies":[{"embeddable":true,"href":"https:\/\/hostnetart.com.br\/baixada\/wp-json\/wp\/v2\/comments?post=14201"}],"version-history":[{"count":0,"href":"https:\/\/hostnetart.com.br\/baixada\/wp-json\/wp\/v2\/posts\/14201\/revisions"}],"wp:featuredmedia":[{"embeddable":true,"href":"https:\/\/hostnetart.com.br\/baixada\/wp-json\/wp\/v2\/media\/14200"}],"wp:attachment":[{"href":"https:\/\/hostnetart.com.br\/baixada\/wp-json\/wp\/v2\/media?parent=14201"}],"wp:term":[{"taxonomy":"category","embeddable":true,"href":"https:\/\/hostnetart.com.br\/baixada\/wp-json\/wp\/v2\/categories?post=14201"},{"taxonomy":"post_tag","embeddable":true,"href":"https:\/\/hostnetart.com.br\/baixada\/wp-json\/wp\/v2\/tags?post=14201"}],"curies":[{"name":"wp","href":"https:\/\/api.w.org\/{rel}","templated":true}]}}