{"id":14194,"date":"2023-06-16T22:38:23","date_gmt":"2023-06-17T01:38:23","guid":{"rendered":"https:\/\/hostnetart.com.br\/baixada\/coletivo-de-formacao-debate-sobre-politica-de-precos-de-combustiveis\/"},"modified":"2023-06-16T22:38:23","modified_gmt":"2023-06-17T01:38:23","slug":"coletivo-de-formacao-debate-sobre-politica-de-precos-de-combustiveis","status":"publish","type":"post","link":"https:\/\/hostnetart.com.br\/baixada\/coletivo-de-formacao-debate-sobre-politica-de-precos-de-combustiveis\/","title":{"rendered":"Coletivo de Forma\u00e7\u00e3o debate sobre pol\u00edtica de pre\u00e7os de combust\u00edveis"},"content":{"rendered":"<p>O Coletivo de Forma\u00e7\u00e3o da Confedera\u00e7\u00e3o Nacional dos Trabalhadores do Ramo Financeiro (Contraf-CUT), composto pelos secret\u00e1rios de Forma\u00e7\u00e3o das federa\u00e7\u00f5es e sindicatos do ramo financeiro e coordenado pelo secret\u00e1rio de Forma\u00e7\u00e3o da Contraf-CUT, se reuniu, na quarta-feira (14), para dar continuidade \u00e0s atividades de organiza\u00e7\u00e3o da rede nacional de formadores banc\u00e1rios. O grupo reservou parte do tempo da reuni\u00e3o para debater sobre a pol\u00edtica nacional de pre\u00e7os de combust\u00edveis.<\/p>\n<p>\u201cAl\u00e9m da forma\u00e7\u00e3o direcionada aos dirigentes de todas as entidades sindicais, nossa inten\u00e7\u00e3o \u00e9 capacitar permanentemente os membros do Coletivo. Para isso, vamos reservar uma parte de nossas reuni\u00f5es para debater sobre temas importantes para os trabalhadores do ramo financeiro e para toda a sociedade\u201d, explicou o secret\u00e1rio de Forma\u00e7\u00e3o da Contraf-CUT, Rafael Zanon. \u201cSempre que for preciso, convidaremos algu\u00e9m para nos ajudar nas reflex\u00f5es\u201d, completou.<\/p>\n<p>O economista Cloviomar Cararine Pereira, da subse\u00e7\u00e3o do Departamento Intersindical de Estat\u00edstica e Estudo Socioecon\u00f4micos (Dieese) na Federa\u00e7\u00e3o \u00danica dos Petroleiros (FUP) foi convidado para contribuir com o debate.<\/p>\n<p>Para Cloviomar \u00e9 importante a iniciativa da Contraf-CUT de falar sobre este tema, que \u00e9 motivo de disputas nas elei\u00e7\u00f5es e na pol\u00edtica do pa\u00eds. \u201c\u00c9 bom que todos tenhamos claro o que \u00e9 a PPI (Pol\u00edtica de Paridade de pre\u00e7os de Importa\u00e7\u00e3o de combust\u00edveis), o porqu\u00ea dela ter sido criada e se ela faz sentido para o Brasil. Tamb\u00e9m temos que saber quais foram os efeitos da implanta\u00e7\u00e3o desta para o setor de petr\u00f3leo do pa\u00eds e para a sociedade brasileira como um todo, inclusive a rela\u00e7\u00e3o desta pol\u00edtica com os juros praticados no pa\u00eds e com o setor banc\u00e1rio\u201d, observou.<\/p>\n<p>Veja v\u00eddeo com a exposi\u00e7\u00e3o do economista e o\u00a0<a href=\"https:\/\/contrafcut.com.br\/politica-de-precos-dos-combustiveis\/\" target=\"_blank\" rel=\"noopener noreferrer\">arquivo com os gr\u00e1ficos e informa\u00e7\u00f5es<\/a>\u00a0utilizados na explana\u00e7\u00e3o do tema.<\/p>\n<figure class=\"wp-block-embed-youtube wp-block-embed is-type-video is-provider-youtube wp-embed-aspect-16-9 wp-has-aspect-ratio\">\n<div class=\"wp-block-embed__wrapper\">\u00a0<\/div>\n<\/figure>\n<h3>Rede de formadores<\/h3>\n<p>Al\u00e9m do debate sobre eixo conjuntural dos pre\u00e7os dos combust\u00edveis e soberania energ\u00e9tica, a reuni\u00e3o tratou sobre a organiza\u00e7\u00e3o de uma rede nacional de formadores; do calend\u00e1rio de cursos de forma\u00e7\u00e3o sindical; da cria\u00e7\u00e3o de cadernos\/cartilhas de forma\u00e7\u00e3o; da realiza\u00e7\u00e3o do encontro nacional e do Plano Nacional de Forma\u00e7\u00e3o; al\u00e9m da constitui\u00e7\u00e3o de coletivos regionais e locais e de grupos de estudos sindicais.<\/p>\n<p><strong>Fonte: Contraf-CUT<\/strong><\/p>\n","protected":false},"excerpt":{"rendered":"<p>O Coletivo de Forma\u00e7\u00e3o da Confedera\u00e7\u00e3o Nacional dos Trabalhadores do Ramo Financeiro (Contraf-CUT), composto pelos secret\u00e1rios de Forma\u00e7\u00e3o das federa\u00e7\u00f5es e sindicatos do ramo financeiro e coordenado pelo secret\u00e1rio de Forma\u00e7\u00e3o da Contraf-CUT, se reuniu, na quarta-feira (14), para dar continuidade \u00e0s atividades de organiza\u00e7\u00e3o da rede nacional de formadores banc\u00e1rios. O grupo reservou parte [&hellip;]<\/p>\n","protected":false},"author":2,"featured_media":14193,"comment_status":"","ping_status":"","sticky":false,"template":"","format":"standard","meta":{"footnotes":""},"categories":[3],"tags":[],"class_list":["post-14194","post","type-post","status-publish","format-standard","has-post-thumbnail","hentry","category-noticias"],"_links":{"self":[{"href":"https:\/\/hostnetart.com.br\/baixada\/wp-json\/wp\/v2\/posts\/14194","targetHints":{"allow":["GET"]}}],"collection":[{"href":"https:\/\/hostnetart.com.br\/baixada\/wp-json\/wp\/v2\/posts"}],"about":[{"href":"https:\/\/hostnetart.com.br\/baixada\/wp-json\/wp\/v2\/types\/post"}],"author":[{"embeddable":true,"href":"https:\/\/hostnetart.com.br\/baixada\/wp-json\/wp\/v2\/users\/2"}],"replies":[{"embeddable":true,"href":"https:\/\/hostnetart.com.br\/baixada\/wp-json\/wp\/v2\/comments?post=14194"}],"version-history":[{"count":0,"href":"https:\/\/hostnetart.com.br\/baixada\/wp-json\/wp\/v2\/posts\/14194\/revisions"}],"wp:featuredmedia":[{"embeddable":true,"href":"https:\/\/hostnetart.com.br\/baixada\/wp-json\/wp\/v2\/media\/14193"}],"wp:attachment":[{"href":"https:\/\/hostnetart.com.br\/baixada\/wp-json\/wp\/v2\/media?parent=14194"}],"wp:term":[{"taxonomy":"category","embeddable":true,"href":"https:\/\/hostnetart.com.br\/baixada\/wp-json\/wp\/v2\/categories?post=14194"},{"taxonomy":"post_tag","embeddable":true,"href":"https:\/\/hostnetart.com.br\/baixada\/wp-json\/wp\/v2\/tags?post=14194"}],"curies":[{"name":"wp","href":"https:\/\/api.w.org\/{rel}","templated":true}]}}