{"id":14190,"date":"2023-06-15T14:34:42","date_gmt":"2023-06-15T17:34:42","guid":{"rendered":"https:\/\/hostnetart.com.br\/baixada\/coe-itau-cobra-medidas-contra-fechamentos-de-agencias-e-demissoes\/"},"modified":"2023-06-15T14:34:42","modified_gmt":"2023-06-15T17:34:42","slug":"coe-itau-cobra-medidas-contra-fechamentos-de-agencias-e-demissoes","status":"publish","type":"post","link":"https:\/\/hostnetart.com.br\/baixada\/coe-itau-cobra-medidas-contra-fechamentos-de-agencias-e-demissoes\/","title":{"rendered":"COE Ita\u00fa cobra medidas contra fechamentos de ag\u00eancias e demiss\u00f5es"},"content":{"rendered":"<p>A Comiss\u00e3o de Organiza\u00e7\u00e3o dos Funcion\u00e1rios (COE) do Banco Ita\u00fa-Unibanco se reuniu na tarde desta quarta-feira (14), em uma reuni\u00e3o h\u00edbrida, com a dire\u00e7\u00e3o do banco para cobrar o fim dos fechamentos de ag\u00eancias e das demiss\u00f5es. Tamb\u00e9m foram debatidos o hor\u00e1rio de abertura das ag\u00eancias, a avalia\u00e7\u00e3o de desempenho e os programas pr\u00f3prios de remunera\u00e7\u00e3o.<\/p>\n<p>A principal preocupa\u00e7\u00e3o da COE \u00e9 o fechamento de ag\u00eancias e as consequentes demiss\u00f5es que afetaram os funcion\u00e1rios do banco. A comiss\u00e3o enfatizou a import\u00e2ncia de preservar os postos de trabalho e garantir a estabilidade dos profissionais. \u201cQueremos responsabilidade social do Ita\u00fa. Essas demiss\u00f5es t\u00eam o potencial de gerar inseguran\u00e7a financeira, instabilidade emocional e dificuldades para arcar com despesas b\u00e1sicas do dia a dia. \u00c9 um impacto que se estende para al\u00e9m do \u00e2mbito profissional, atingindo a vida pessoal e o bem-estar de todos os envolvidos. Por isso, \u00e9 fundamental que as institui\u00e7\u00f5es banc\u00e1rias, como o Banco Ita\u00fa-Unibanco, considerem n\u00e3o apenas os n\u00fameros e indicadores financeiros, mas tamb\u00e9m o impacto humano e social de suas decis\u00f5es. O di\u00e1logo entre a dire\u00e7\u00e3o e os representantes sindicais \u00e9 essencial para buscar alternativas que evitem demiss\u00f5es e garantam a estabilidade dos trabalhadores. Nossa luta \u00e9 pela preserva\u00e7\u00e3o dos empregos, pela valoriza\u00e7\u00e3o dos profissionais e pelo respeito \u00e0s fam\u00edlias que dependem desses empregos para o sustento e bem-estar\u201d, afirmou Maria Izabel Menezes, da COE Ita\u00fa.<\/p>\n<p>Durante a reuni\u00e3o, foram debatidas propostas para reverter a situa\u00e7\u00e3o e buscar alternativas que evitem demiss\u00f5es em massa. Al\u00e9m disso, o hor\u00e1rio de abertura das ag\u00eancias tamb\u00e9m foi amplamente debatido. Os representantes dos funcion\u00e1rios levaram \u00e0 mesa a necessidade de avaliar e ajustar os hor\u00e1rios de funcionamento, considerando as demandas dos clientes e o bem-estar dos funcion\u00e1rios.<\/p>\n<p>Outro ponto de discuss\u00e3o relevante foi a avalia\u00e7\u00e3o de desempenho. A COE afirmou a import\u00e2ncia de um processo de avalia\u00e7\u00e3o transparente e justo, que leve em considera\u00e7\u00e3o os esfor\u00e7os individuais dos funcion\u00e1rios, al\u00e9m das condi\u00e7\u00f5es e metas incentivadas pela empresa. Por fim, os programas pr\u00f3prios de remunera\u00e7\u00e3o tamb\u00e9m foram discutidos durante a reuni\u00e3o.<\/p>\n<p>O COE buscou abordar a efic\u00e1cia e os desempenhos desses programas, levando em considera\u00e7\u00e3o a justa remunera\u00e7\u00e3o dos funcion\u00e1rios e a motiva\u00e7\u00e3o para o alcance de metas individuais e coletivas. \u201cEsperamos que essas discuss\u00f5es resultem em medidas concretas que promovam a estabilidade dos empregos, a valoriza\u00e7\u00e3o dos profissionais e a melhoria do ambiente de trabalho\u201d, concluiu Maria Izabel.<\/p>\n<p><strong>Fonte: Contraf-CUT<\/strong><\/p>\n","protected":false},"excerpt":{"rendered":"<p>A Comiss\u00e3o de Organiza\u00e7\u00e3o dos Funcion\u00e1rios (COE) do Banco Ita\u00fa-Unibanco se reuniu na tarde desta quarta-feira (14), em uma reuni\u00e3o h\u00edbrida, com a dire\u00e7\u00e3o do banco para cobrar o fim dos fechamentos de ag\u00eancias e das demiss\u00f5es. Tamb\u00e9m foram debatidos o hor\u00e1rio de abertura das ag\u00eancias, a avalia\u00e7\u00e3o de desempenho e os programas pr\u00f3prios de [&hellip;]<\/p>\n","protected":false},"author":2,"featured_media":14189,"comment_status":"","ping_status":"","sticky":false,"template":"","format":"standard","meta":{"footnotes":""},"categories":[3],"tags":[],"class_list":["post-14190","post","type-post","status-publish","format-standard","has-post-thumbnail","hentry","category-noticias"],"_links":{"self":[{"href":"https:\/\/hostnetart.com.br\/baixada\/wp-json\/wp\/v2\/posts\/14190","targetHints":{"allow":["GET"]}}],"collection":[{"href":"https:\/\/hostnetart.com.br\/baixada\/wp-json\/wp\/v2\/posts"}],"about":[{"href":"https:\/\/hostnetart.com.br\/baixada\/wp-json\/wp\/v2\/types\/post"}],"author":[{"embeddable":true,"href":"https:\/\/hostnetart.com.br\/baixada\/wp-json\/wp\/v2\/users\/2"}],"replies":[{"embeddable":true,"href":"https:\/\/hostnetart.com.br\/baixada\/wp-json\/wp\/v2\/comments?post=14190"}],"version-history":[{"count":0,"href":"https:\/\/hostnetart.com.br\/baixada\/wp-json\/wp\/v2\/posts\/14190\/revisions"}],"wp:featuredmedia":[{"embeddable":true,"href":"https:\/\/hostnetart.com.br\/baixada\/wp-json\/wp\/v2\/media\/14189"}],"wp:attachment":[{"href":"https:\/\/hostnetart.com.br\/baixada\/wp-json\/wp\/v2\/media?parent=14190"}],"wp:term":[{"taxonomy":"category","embeddable":true,"href":"https:\/\/hostnetart.com.br\/baixada\/wp-json\/wp\/v2\/categories?post=14190"},{"taxonomy":"post_tag","embeddable":true,"href":"https:\/\/hostnetart.com.br\/baixada\/wp-json\/wp\/v2\/tags?post=14190"}],"curies":[{"name":"wp","href":"https:\/\/api.w.org\/{rel}","templated":true}]}}