{"id":14188,"date":"2023-06-15T14:32:51","date_gmt":"2023-06-15T17:32:51","guid":{"rendered":"https:\/\/hostnetart.com.br\/baixada\/caixa-empregados-cobram-reestruturacao-das-gipes\/"},"modified":"2023-06-15T14:32:51","modified_gmt":"2023-06-15T17:32:51","slug":"caixa-empregados-cobram-reestruturacao-das-gipes","status":"publish","type":"post","link":"https:\/\/hostnetart.com.br\/baixada\/caixa-empregados-cobram-reestruturacao-das-gipes\/","title":{"rendered":"Caixa: Empregados cobram reestrutura\u00e7\u00e3o das Gipes"},"content":{"rendered":"<p>Durante visita \u00e0 Universidade Caixa, na ter\u00e7a (13), a Comiss\u00e3o Executiva dos Empregados (CEE) da Caixa\u00a0<a href=\"https:\/\/contrafcut.com.br\/noticias\/empregados-querem-fim-da-cultura-do-assedio-na-caixa\/\" target=\"_blank\" rel=\"noopener noreferrer\">voltou a cobrar<\/a>\u00a0da dire\u00e7\u00e3o do banco a recria\u00e7\u00e3o das estruturas regionais de gest\u00e3o de pessoas (Gipes), que foram extintas em 2021. Segundo as entidades sindicais e associativas dos empregados, a extin\u00e7\u00e3o destas estruturas prejudicou o atendimento \u00e0s demandas dos trabalhadores.<\/p>\n<p>\u201cQueremos uma gest\u00e3o de fato humanizada e a \u00e1rea de pessoas \u00e9 a que lida com as quest\u00f5es relacionadas ao dia a dia de trabalho dos colegas. \u00c9 urgente a revis\u00e3o dos processos para diminuir o adoecimento, especialmente os decorrentes de ass\u00e9dio em raz\u00e3o das metas\u201d, disse a coordenadora da CEE, Fabiana Uehara Proscholdt, ressaltando que a recria\u00e7\u00e3o da Vice-Presid\u00eancia de Pessoas (Vipes), tamb\u00e9m extinta no primeiro semestre de 2021, foi importante, mas que \u00e9 fundamental a recria\u00e7\u00e3o das estruturas regionais das Gipes para facilitar e agilizar o atendimento de demandas locais.<\/p>\n<p>O movimento sindical banc\u00e1rio sempre defendeu a necessidade de uma \u00e1rea espec\u00edfica de gest\u00e3o de pessoas, considerada imprescind\u00edvel n\u00e3o s\u00f3 para o processo de reconstru\u00e7\u00e3o da Caixa que o Brasil precisa, mas tamb\u00e9m para o cuidado com os empregados. A CEE tem recebido relatos de empregados sobre a piora significativa no atendimento de suas demandas por conta da extin\u00e7\u00e3o das regionais de gest\u00e3o de pessoas.<\/p>\n<p>Os representantes da Caixa alegaram que o assunto est\u00e1 em an\u00e1lise, mas que, para este ano, n\u00e3o h\u00e1 previs\u00e3o or\u00e7ament\u00e1ria.<\/p>\n<h3><strong>Fortalecimento da Universidade Caixa<\/strong><\/h3>\n<p>Outro ponto debatido no encontro foi a amplia\u00e7\u00e3o da oferta de programas de forma\u00e7\u00e3o da Universidade Caixa. A Comiss\u00e3o reivindicou ainda que os cursos sejam realizados durante o hor\u00e1rio de expediente comercial, conforme est\u00e1 previsto no Acordo Coletivo de Trabalho (ACT).<\/p>\n<p>\u00a0\u00a0\u00a0\u00a0\u00a0<strong>&gt;&gt;&gt;&gt;&gt;<\/strong>\u00a0<a href=\"https:\/\/contrafcut.com.br\/noticias\/cee-cobra-aumento-de-cursos-na-universidade-caixa\/\" target=\"_blank\" rel=\"noopener noreferrer\">CEE cobra aumento de cursos na Universidade Caixa<\/a><\/p>\n<p>A CEE avalia que a Universidade Caixa precisa ser fortalecida atrav\u00e9s das a\u00e7\u00f5es presenciais e a Caixa sinalizou positivamente a esta demanda. Os representantes dos empregados criticaram as certifica\u00e7\u00f5es sem tempo de estudo para o pessoal das ag\u00eancias, apenas para cumprir metas.<\/p>\n<p>\u201cA Universidade Caixa deve n\u00e3o apenas disponibilizar os cursos, mas manter programas de forma\u00e7\u00e3o que permitam que as pessoas estudem com calma, de prefer\u00eancia presencialmente, assimilem os conhecimentos e os utilize para seu desenvolvimento profissional e pessoal e para a melhoria do atendimento dos clientes e de toda a popula\u00e7\u00e3o brasileira, sobretudo das pessoas mais carentes, que dependem dos programas sociais do governo federal\u201d, disse Fabiana Uehara.<\/p>\n<h3><strong>Vipes<\/strong><\/h3>\n<p>Os representantes do banco apresentaram a estrutura da Vice-Presid\u00eancia de Pessoas (Vipes) e da Universidade Caixa. Os membros da CEE consideraram a nova estrutura Vipes um avan\u00e7o, com resgate de um atendimento mais pr\u00f3ximo, como havia antes.<\/p>\n<p>\u201c\u00c9 importante essa oportunidade de estreitar o relacionamento das entidades com a Caixa, para refor\u00e7armos as demandas que chegam at\u00e9 n\u00f3s. Reivindicamos uma nova negocia\u00e7\u00e3o da mesa permanente e esperamos em breve ter resposta dessa agenda\u201d, disse a diretora executiva da Confedera\u00e7\u00e3o Nacional dos Trabalhadores do Ramo Financeiro (Contraf-CUT), Eliana Brasil.<\/p>\n<h3><strong>Cursos de Integra\u00e7\u00e3o<\/strong><\/h3>\n<p>Atendendo a uma reivindica\u00e7\u00e3o das entidades sindicais e associativas, a Caixa anunciou a retomada dos cursos de integra\u00e7\u00e3o. Assim que o banco anunciou a contrata\u00e7\u00e3o de 800 novos empregados, a Contraf\/CUT e a Federa\u00e7\u00e3o Nacional das Associa\u00e7\u00f5es do Pessoal da Caixa (Fenae) cobraram a participa\u00e7\u00e3o das entidades associativas e sindicais no processo de integra\u00e7\u00e3o dos novos contratados.<\/p>\n<p>Entidades como a Fenae, Contraf\/CUT, Associa\u00e7\u00f5es do Pessoal da Caixa (Apcefs), sindicatos de banc\u00e1rios e a Funda\u00e7\u00e3o dos Economi\u00e1rios Federais (Funcef) sempre participaram desses encontros, que deixaram de ser realizados no governo anterior.<\/p>\n<p>\u201cAtrav\u00e9s desses espa\u00e7os institucionais, os novos contratados descobrem o valor e a import\u00e2ncia dos movimentos associativo e sindical nas conquistas para a categoria. A unidade dos novos trabalhadores em torno das entidades representativas \u00e9 determinante para a mobiliza\u00e7\u00e3o em defesa da Caixa p\u00fablica e social e tamb\u00e9m contra a retirada de direitos, com foco na melhoria das condi\u00e7\u00f5es de trabalho e no esfor\u00e7o por um Brasil mais justo, democr\u00e1tico e soberano\u201d, disse o presidente da Fenae, Sergio Takemoto.<\/p>\n<p><strong>Fonte:\u00a0<a href=\"https:\/\/www.fenae.org.br\/portal\/fenae-portal\/em-visita-a-universidade-caixa-representantes-dos-empregados-cobram-recriacao-das-gipes-e-aumento-de-cursos-de-formacao.htm\" target=\"_blank\" rel=\"noopener noreferrer\">Fenae<\/a>, com edi\u00e7\u00f5es da Contraf-CUT.<\/strong><\/p>\n","protected":false},"excerpt":{"rendered":"<p>Durante visita \u00e0 Universidade Caixa, na ter\u00e7a (13), a Comiss\u00e3o Executiva dos Empregados (CEE) da Caixa\u00a0voltou a cobrar\u00a0da dire\u00e7\u00e3o do banco a recria\u00e7\u00e3o das estruturas regionais de gest\u00e3o de pessoas (Gipes), que foram extintas em 2021. Segundo as entidades sindicais e associativas dos empregados, a extin\u00e7\u00e3o destas estruturas prejudicou o atendimento \u00e0s demandas dos trabalhadores. [&hellip;]<\/p>\n","protected":false},"author":2,"featured_media":14187,"comment_status":"","ping_status":"","sticky":false,"template":"","format":"standard","meta":{"footnotes":""},"categories":[3],"tags":[],"class_list":["post-14188","post","type-post","status-publish","format-standard","has-post-thumbnail","hentry","category-noticias"],"_links":{"self":[{"href":"https:\/\/hostnetart.com.br\/baixada\/wp-json\/wp\/v2\/posts\/14188","targetHints":{"allow":["GET"]}}],"collection":[{"href":"https:\/\/hostnetart.com.br\/baixada\/wp-json\/wp\/v2\/posts"}],"about":[{"href":"https:\/\/hostnetart.com.br\/baixada\/wp-json\/wp\/v2\/types\/post"}],"author":[{"embeddable":true,"href":"https:\/\/hostnetart.com.br\/baixada\/wp-json\/wp\/v2\/users\/2"}],"replies":[{"embeddable":true,"href":"https:\/\/hostnetart.com.br\/baixada\/wp-json\/wp\/v2\/comments?post=14188"}],"version-history":[{"count":0,"href":"https:\/\/hostnetart.com.br\/baixada\/wp-json\/wp\/v2\/posts\/14188\/revisions"}],"wp:featuredmedia":[{"embeddable":true,"href":"https:\/\/hostnetart.com.br\/baixada\/wp-json\/wp\/v2\/media\/14187"}],"wp:attachment":[{"href":"https:\/\/hostnetart.com.br\/baixada\/wp-json\/wp\/v2\/media?parent=14188"}],"wp:term":[{"taxonomy":"category","embeddable":true,"href":"https:\/\/hostnetart.com.br\/baixada\/wp-json\/wp\/v2\/categories?post=14188"},{"taxonomy":"post_tag","embeddable":true,"href":"https:\/\/hostnetart.com.br\/baixada\/wp-json\/wp\/v2\/tags?post=14188"}],"curies":[{"name":"wp","href":"https:\/\/api.w.org\/{rel}","templated":true}]}}